{"provider_url": "https://www.juina.mt.leg.br", "title": "Preg\u00e3o 002/2018", "html": "<p align=\"center\" style=\"text-align: center; \"><b>AVISO DE PREG\u00c3O PRESENCIAL N\u00b0 002/2018</b></p>\r\n<p style=\"text-align: center; \">\u00a0</p>\r\n<p style=\"text-align: center; \">\u00a0<span>O Pregoeiro designado pela Portaria n.\u00ba 03/2018, por determina\u00e7\u00e3o do Exmo. Sr. Sandro Candido da Silva, Presidente da C\u00e2mara Municipal de Ju\u00edna, </span><b>torna p\u00fablico</b><span>, que far\u00e1 realizar em sess\u00e3o p\u00fablica, licita\u00e7\u00e3o na modalidade de PREG\u00c3O PRESENCIAL, do tipo MENOR PRE\u00c7O POR ITEM, afim de</span><b> Registro de pre\u00e7os para futura e eventual Contrata\u00e7\u00e3o de uma empresa especializada em fornecimento, emiss\u00e3o, marca\u00e7\u00e3o e remarca\u00e7\u00e3o de passagens rodovi\u00e1rias terrestres intermunicipais no estado do Mato Grosso para uso dos servidores e vereadores da C\u00e2mara Municipal de Ju\u00edna, por meio de Preg\u00e3o, tipo \u201cMenor Pre\u00e7o\u201d.</b><b> Conforme termo de refer\u00eancia</b><b>, </b><span>estando a sess\u00e3o p\u00fablica prevista para dia </span><b>29/05/2018, \u00e0s 10:00 horas, </b><span>na sala de reuni\u00f5es da C\u00e2mara Municipal de Ju\u00edna, situada na Avenida Dos Jambos,s/n\u00ba, Pra\u00e7a Tancredo de Almeida Neves, Centro, Ju\u00edna-MT.</span></p>\r\n<p style=\"text-align: center; \">\u00a0</p>\r\n<p style=\"text-align: center; \">\u00a0<span>O Edital poder\u00e1 ser retirado no endere\u00e7o acima citado, das 07:00 \u00e0s 13:00 horas, de segunda a sexta-feira, ou baixado no site </span><b>www.juina.mt.leg.br</b><span>. Maiores informa\u00e7\u00f5es pelo Telefone (66)3566-8900</span><b>, e-mail:</b><span> compras@juina.mt.leg.br.</span></p>\r\n<p style=\"text-align: center; \">\u00a0<span>Ju\u00edna-MT, 14 de Maio de 2018.</span></p>\r\n<p style=\"text-align: center; \"><b>\u00a0</b></p>\r\n<p style=\"text-align: center; \"><b>\u00a0</b><b>\u00a0</b></p>\r\n<p align=\"center\" style=\"text-align: center; \"><b>DENER PEREIRA DA ROSA</b></p>\r\n<p align=\"center\" style=\"text-align: center; \">Pregoeiro Oficial da C\u00e2mara Municipal de Ju\u00edna</p>\r\n<p align=\"center\" style=\"text-align: center; \">\u00a0</p>", "author_name": "deneripr", "version": "1.0", "author_url": "https://www.juina.mt.leg.br/author/deneripr", "provider_name": "Munic\u00edpio de Ju\u00edna", "type": "rich"}