{"provider_url": "https://www.juina.mt.leg.br", "title": "Pauta da Sess\u00e3o Ordin\u00e1ria (26/04/2021)", "html": "<h3>\u00a0A sess\u00e3o ordin\u00e1ria desta segunda-feira ter\u00e1 como pauta v\u00e1rias mat\u00e9rias importantes e contar\u00e1 com a vota\u00e7\u00e3o do Projeto de Lei Complementar 02/2021, de autoria do Poder Executivo Municipal:</h3>\r\n<p>\u00a0</p>\r\n<table class=\"plain\">\r\n<tbody>\r\n<tr>\r\n<td>\r\n<p style=\"text-align: center; \">\u00a0<a href=\"https://sapl.juina.mt.leg.br/materia/2428\">Projeto de Lei Complementar n\u00ba 2 de 2021</a></p>\r\n<p style=\"text-align: center; \"><a href=\"https://sapl.juina.mt.leg.br/materia/2428\"></a><br /> <b>Processo</b>: 02/2021<br /> <b>Autor</b>: Paulo Augusto Veronese - Prefeito</p>\r\n</td>\r\n<td style=\"text-align: center; \">Traz nova reda\u00e7\u00e3o ao art. 3.\u00ba e seu paragrafo \u00fanico da Lei Complementar Municipal n.\u00ba 1926/2020 que cria o Centro de Atendimento ao COVID, estabelece as horas e o valor dos plant\u00f5es dos profissionais da sa\u00fade, institui o adicional de risco de contagio, de car\u00e1ter transit\u00f3rio, durante o per\u00edodo de perdurar as medidas tempor\u00e1rias e emergenciais de enfrentamento e preven\u00e7\u00e3o de contagio pelo Novo Coronavirus \u2013 COVID \u2013 19 no \u00e2mbito da Administra\u00e7\u00e3o P\u00fablica Municipal de Ju\u00edna, Estado de Mato Grosso, e d\u00e1 outras provid\u00eancias.</td>\r\n</tr>\r\n</tbody>\r\n</table>\r\n<h3>\u00a0</h3>\r\n<h3>Al\u00e9m do projeto de Lei complementar ser\u00e3o votadas 14 indica\u00e7\u00f5es diversas:</h3>\r\n<p>\u00a0</p>\r\n<table class=\"plain\">\r\n<tbody>\r\n<tr>\r\n<td style=\"text-align: center; \">\r\n<p>\u00a0</p>\r\n<p>1 - <a href=\"https://sapl.juina.mt.leg.br/materia/2460\">Indica\u00e7\u00e3o n\u00ba 165 de 2021</a><br /> <b>Processo</b>: 165/2021<br /> <b>Autor</b>: Luiza Boer</p>\r\n</td>\r\n<td style=\"text-align: center; \">Indica a Sua Excel\u00eancia o Senhor Paulo Augusto Veronese \u2013 Prefeito, com c\u00f3pia ao Senhor Jonatas Pl\u00ednio - Secret\u00e1rio Municipal de Infraestrutura a necessidade e oportunidade da expans\u00e3o da rede de transmiss\u00e3o de energia el\u00e9trica e ilumina\u00e7\u00e3o p\u00fablica na Rua Paranatinga, localizada no modulo 05 e na Avenida Olavo In\u00e1cio Henz na baixada de acesso ao Bairro Cidade Alta.</td>\r\n</tr>\r\n<tr>\r\n<td style=\"text-align: center; \">\r\n<p style=\"text-align: center; \">\u00a0</p>\r\n<p style=\"text-align: center; \">2 - <a href=\"https://sapl.juina.mt.leg.br/materia/2461\">Indica\u00e7\u00e3o n\u00ba 166 de 2021</a><br /> <b>Processo</b>: 166/2021<br /> <b>Autor</b>: Luiza Boer</p>\r\n</td>\r\n<td style=\"text-align: center; \">Indica a Sua Excel\u00eancia o Senhor Paulo Augusto Veronese \u2013 Prefeito, com c\u00f3pia ao Senhor Jonatas Plinio - Secret\u00e1rio Municipal de Infraestrutura a necessidade e oportunidade da recupera\u00e7\u00e3o, encascalhamento, patrolamento e reabertura da estrada do caminho vicinal 08, da MT 183 at\u00e9 o Aras Krefta e do caminho vicinal 10.</td>\r\n</tr>\r\n<tr>\r\n<td style=\"text-align: center; \">\r\n<p style=\"text-align: center; \">\u00a0</p>\r\n<p style=\"text-align: center; \">3 - <a href=\"https://sapl.juina.mt.leg.br/materia/2462\">Indica\u00e7\u00e3o n\u00ba 167 de 2021</a></p>\r\n<p style=\"text-align: center; \"><b>Processo</b>: 167/2021<br /> <b>Autor</b>: Luiza Boer</p>\r\n</td>\r\n<td style=\"text-align: center; \">Indica a Sua Excel\u00eancia o Senhor Paulo Augusto Veronese \u2013 Prefeito, com c\u00f3pia a Senhora Marcela Am\u00e9rico - Secret\u00e1ria Municipal de Sa\u00fade a necessidade e oportunidade da contrata\u00e7\u00e3o de mais um(a) profissional farmac\u00eautico(a), de no m\u00ednimo 8 horas di\u00e1rias, para o Hospital Municipal e aquisi\u00e7\u00e3o de uma impressa para identifica\u00e7\u00e3o e fracionamento de medicamentos.</td>\r\n</tr>\r\n<tr>\r\n<td style=\"text-align: center; \">\r\n<p>\u00a0</p>\r\n<p>4 - <a href=\"https://sapl.juina.mt.leg.br/materia/2463\">Indica\u00e7\u00e3o n\u00ba 168 de 2021</a><br /> <b>Processo</b>: 168/2021<br /> <b>Autor</b>: Luiza Boer</p>\r\n</td>\r\n<td style=\"text-align: center; \">Indica a Sua Excel\u00eancia o Senhor Paulo Augusto Veronese \u2013 Prefeito, com c\u00f3pia a Senhora Marcela Am\u00e9rico - Secret\u00e1rio Municipal de Sa\u00fade a necessidade e oportunidade da contrata\u00e7\u00e3o de um(a) profissional farmac\u00eautico(a) para a Unidade B\u00e1sica de Sa\u00fade do Bairro Modulo 5, equipe II; realizar coleta de citopatol\u00f3gico para exames preventivos; e a reposi\u00e7\u00e3o dos medicamentos que est\u00e3o em falta.</td>\r\n</tr>\r\n<tr>\r\n<td style=\"text-align: center; \">\r\n<p>\u00a0</p>\r\n<p>5 - <a href=\"https://sapl.juina.mt.leg.br/materia/2464\">Indica\u00e7\u00e3o n\u00ba 169 de 2021</a><br /> <b>Processo</b>: 169/2021<br /> <b>Autores</b>: Neguinho da 4, Ilson Sassa</p>\r\n</td>\r\n<td style=\"text-align: center; \">Indica a Sua Excel\u00eancia o Senhor Paulo Augusto Veronese \u2013 Prefeito, com c\u00f3pia ao Senhor Jonatas Plinio - Secret\u00e1rio Municipal de Infraestrutura a necessidade e oportunidade da troca de pranchas na ponte da linha 4, logo ap\u00f3s o Rio Vermelho, frente ao lote do Senhor Adelino.</td>\r\n</tr>\r\n<tr>\r\n<td style=\"text-align: center; \">\r\n<p>\u00a0</p>\r\n<p>6 - <a href=\"https://sapl.juina.mt.leg.br/materia/2465\">Indica\u00e7\u00e3o n\u00ba 170 de 2021</a><br /> <b>Processo</b>: 170/2021<br /> <b>Autor</b>: Bil do Modulo 4</p>\r\n</td>\r\n<td style=\"text-align: center; \">Indicam a Sua Excel\u00eancia o Senhor Paulo Augusto Veronese - Prefeito, com c\u00f3pias ao Senhor Jocemir Corr\u00eaa - Secret\u00e1rio Municipal de Administra\u00e7\u00e3o e Finan\u00e7as, a necessidade e oportunidade que seja prorrogado o prazo para pagamento do IPTU 2021.</td>\r\n</tr>\r\n<tr>\r\n<td style=\"text-align: center; \">\r\n<p>\u00a0</p>\r\n<p>7 - <a href=\"https://sapl.juina.mt.leg.br/materia/2466\">Indica\u00e7\u00e3o n\u00ba 171 de 2021</a><br /> <b>Processo</b>: 171/2021<br /> <b>Autor</b>: Teixeirinha da Agricultura</p>\r\n</td>\r\n<td style=\"text-align: center; \">Indica a Sua Excel\u00eancia o Senhor Paulo Augusto Veronese \u2013 Prefeito com c\u00f3pia ao Senhor J\u00f4natas Pl\u00ednio - Secret\u00e1rio Municipal Infraestrutura, a necessidade e oportunidade de realizar a\u00e7\u00e3o de recupera\u00e7\u00e3o das estradas vicinais com servi\u00e7os de patrolamento e encascalhamento da BR 174 da Jaqueira ao Assentamento Bom Futuro.</td>\r\n</tr>\r\n<tr>\r\n<td style=\"text-align: center; \">\r\n<p>\u00a0</p>\r\n<p>8 - <a href=\"https://sapl.juina.mt.leg.br/materia/2467\">Indica\u00e7\u00e3o n\u00ba 172 de 2021</a><br /> <b>Processo</b>: 173/2021<br /> <b>Autor</b>: Teixeirinha da Agricultura</p>\r\n</td>\r\n<td style=\"text-align: center; \">Indica a Sua Excel\u00eancia o Senhor Paulo Augusto Veronese - Prefeito, com c\u00f3pia ao Senhor Jales Jos\u00e9 Perassolo - Secret\u00e1rio de Agricultura, Pecu\u00e1ria e Meio Ambiente, a necessidade e oportunidade de implantar uma base para instalar um secador de caf\u00e9 para a Associa\u00e7\u00e3o Sagrada Fam\u00edlia de Terra Roxa.</td>\r\n</tr>\r\n<tr>\r\n<td style=\"text-align: center; \">\r\n<p>\u00a0</p>\r\n<p>9 - <a href=\"https://sapl.juina.mt.leg.br/materia/2468\">Indica\u00e7\u00e3o n\u00ba 173 de 2021</a><br /> <b>Processo</b>: 173/2021<br /> <b>Autor</b>: Teixeirinha da Agricultura</p>\r\n</td>\r\n<td style=\"text-align: center; \">Indica a Sua Excel\u00eancia o Senhor Paulo Augusto Veronese - Prefeito, com c\u00f3pia ao Senhor J\u00f4natas Pl\u00ednio - Secret\u00e1rio Municipal Infraestrutura, e a Senhor Monaliza Nunes Rocha \u2013 Diretora do Departamento de Tr\u00e2nsito, a necessidade e oportunidade de construir 2 (dois) quebra-molas na Rua Umuarama no M\u00f3dulo 5 Ju\u00edna \u2013 MT.</td>\r\n</tr>\r\n<tr>\r\n<td style=\"text-align: center; \">\r\n<p>\u00a0</p>\r\n<p>10 - <a href=\"https://sapl.juina.mt.leg.br/materia/2469\">Indica\u00e7\u00e3o n\u00ba 174 de 2021</a><br /> <b>Processo</b>: 174/2021<br /> <b>Autor</b>: Roni da Padre Du\u00edlio</p>\r\n</td>\r\n<td style=\"text-align: center; \">Indica a Sua Excel\u00eancia o Senhor Valdir Barranco - Deputado Estadual, com c\u00f3pias a Senhora Marcela Am\u00e9rico - Secret\u00e1ria Municipal de Sa\u00fade e a Senhora Ta\u00eds Bergamin Lima - Coordenadora de Aten\u00e7\u00e3o B\u00e1sica de Ju\u00edna, a necessidade e oportunidade da destina\u00e7\u00e3o de emenda parlamentar no valor de R$ 100.000,00 (cem mil reais) para aquisi\u00e7\u00e3o de dispenser de \u00e1lcool em gel com medidor de temperatura com sensor e aquisi\u00e7\u00e3o de EPI (m\u00e1scaras, luvas e aventais) para diversas unidades de sa\u00fade de Ju\u00edna.</td>\r\n</tr>\r\n<tr>\r\n<td style=\"text-align: center; \">\r\n<p>\u00a0</p>\r\n<p>11 - <a href=\"https://sapl.juina.mt.leg.br/materia/2470\">Indica\u00e7\u00e3o n\u00ba 175 de 2021</a><br /> <b>Processo</b>: 175/2021<br /> <b>Autores</b>: Ilson Sassa, Neguinho da 4</p>\r\n</td>\r\n<td style=\"text-align: center; \">Indicam a sua Excel\u00eancia o Senhor Paulo Augusto Veronese - Prefeito, com c\u00f3pias ao Senhor Jonatas Plinio - Secret\u00e1rio Municipal de Infraestrutura, a necessidade e oportunidade de realizar opera\u00e7\u00e3o \u201ctapa-buracos\u201d, nivelamento e patrolamento da Linha Caiabi e Gleba Caiabi</td>\r\n</tr>\r\n<tr>\r\n<td style=\"text-align: center; \">\r\n<p>\u00a0</p>\r\n<p>12 - <a href=\"https://sapl.juina.mt.leg.br/materia/2471\">Indica\u00e7\u00e3o n\u00ba 176 de 2021</a><br /> <b>Processo</b>: 176/2021<br /> <b>Autor</b>: Gleynei Nei</p>\r\n</td>\r\n<td style=\"text-align: center; \">Indica a sua Excel\u00eancia o Paulo Augusto Veronese - Prefeito, com c\u00f3pias ao Senhor Jonatas Plinio - Secret\u00e1rio Municipal de Infraestrutura e a Senhora Monaliza da Rocha Nunes \u2013 Diretora Municipal de Tr\u00e2nsito a necessidade e oportunidade da constru\u00e7\u00e3o de redutor de velocidade na Rua Delmina Demarco Bergamin, na altura do n.\u00ba 10 desta localidade as proximidade do Residencial Beija Flor, com as devidas placas de sinaliza\u00e7\u00e3o.</td>\r\n</tr>\r\n<tr>\r\n<td style=\"text-align: center; \">\r\n<p>\u00a0</p>\r\n<p>13 - <a href=\"https://sapl.juina.mt.leg.br/materia/2472\">Indica\u00e7\u00e3o n\u00ba 177 de 2021</a><br /> <b>Processo</b>: 177/2021<br /> <b>Autor</b>: Gleynei Nei</p>\r\n</td>\r\n<td style=\"text-align: center; \">Indica a Sua Excelencia o Paulo Augusto Veronese - Prefeito, com c\u00f3pias ao Senhor Jonatas Plinio - Secret\u00e1rio Municipal de Infraestrutura e a Senhora Monaliza da Rocha Nunes \u2013 Diretora Municipal de Tr\u00e2nsito a realiza\u00e7\u00e3o de opera\u00e7\u00e3o tapa buracos, - recapeamento asf\u00e1ltico na Rua Viteuvino Borsatto e instala\u00e7\u00e3o de redutores de velocidade na altura do n.\u00ba 264 a 271 com as devidas placas de sinaliza\u00e7\u00e3o .</td>\r\n</tr>\r\n<tr>\r\n<td style=\"text-align: center; \">\r\n<p>\u00a0</p>\r\n<p>14 - <a href=\"https://sapl.juina.mt.leg.br/materia/2473\">Indica\u00e7\u00e3o n\u00ba 178 de 2021</a><br /> <b>Processo</b>: 178/2021<br /> <b>Autor</b>: Roni da Padre Du\u00edlio</p>\r\n</td>\r\n<td style=\"text-align: center; \">Indica a Sua Excel\u00eancia o Senhor Paulo Augusto Veronese - Prefeito, com c\u00f3pias ao senhor Jonatas Plinio - Secret\u00e1rio Municipal de Infraestrutura a necessidade e oportunidade de realizar limpeza com corte do matagal, do canteiro central da Avenida Bras\u00edlia, no Bairro Padre Du\u00edlio.</td>\r\n</tr>\r\n</tbody>\r\n</table>", "author_name": "", "version": "1.0", "author_url": "https://www.juina.mt.leg.br/author/dener", "provider_name": "Munic\u00edpio de Ju\u00edna", "type": "rich"}