{"provider_url": "https://www.juina.mt.leg.br", "title": "Novo hor\u00e1rio de atendimento ao P\u00fablico", "html": "<div style=\"text-align: justify; \">Ap\u00f3s alguns anos de an\u00e1lise a C\u00e2mara Municipal de Ju\u00edna visando melhorar o atendimento aos mun\u00edcipes passa agora a ter atendimento em hor\u00e1rio \"corrido\",\u00a0a mudan\u00e7a beneficiar\u00e1 a popula\u00e7\u00e3o s\u00f3 tem dispon\u00edvel o intervalo do almo\u00e7o para resolver problemas particulares e buscar seus direitos.</div>\r\n<div style=\"text-align: justify; \"></div>\r\n<div style=\"text-align: justify; \"></div>\r\n<div style=\"text-align: justify; \">A partir deste dia 01/07/2015 o hor\u00e1rio de funcionamento da C\u00e2mara passa a ser das 7 da manh\u00e3 at\u00e9 as 13 horas, sem intervalo para almo\u00e7o. Com\u00a0a\u00a0altera\u00e7\u00e3o\u00a0a administra\u00e7\u00e3o da C\u00e2mara espera tamb\u00e9m reduzir o consumo de energia el\u00e9trica e fazer uma economia consider\u00e1vel do dinheiro p\u00fablico.</div>\r\n<div style=\"text-align: justify; \"></div>\r\n<div style=\"text-align: justify; \"></div>\r\n<div style=\"text-align: justify; \">Esclarecendo que esse hor\u00e1rio refere-se apenas ao atendimento na sede da C\u00e2mara, os vereadores continuar\u00e3o a disposi\u00e7\u00e3o da popula\u00e7\u00e3o em geral em hor\u00e1rio integral, os telefones dos parlamentares estar\u00e3o dispon\u00edveis para consulta na recep\u00e7\u00e3o do Pal\u00e1cio dos Pioneiros (sede da C\u00e2mara Municipal).</div>\r\n<div style=\"text-align: justify; \"></div>\r\n<div style=\"text-align: justify; \"></div>\r\n<div style=\"text-align: justify; \">Para mais informa\u00e7\u00f5es, por favor entre em contato no telefone: 3566-8900</div>", "author_name": "deneripr", "version": "1.0", "author_url": "https://www.juina.mt.leg.br/author/deneripr", "provider_name": "Munic\u00edpio de Ju\u00edna", "type": "rich"}