{"provider_url": "https://www.juina.mt.leg.br", "title": "Nota de Pesar - Zenon Jos\u00e9 dos Anjos", "html": "<p>Zenon Jos\u00e9 dos Anjos, filho de Jos\u00e9 Manoel dos Anjos e Felipa Pereira dos Anjos, nasceu em Bom Jesus da Lapa \u2013 BA, em 02/09/1946, chegou em Ju\u00edna 15/10/1979 ;</p>\r\n<p>Como pioneiro Juinense exerceu as fun\u00e7\u00f5es de preparador eleitoral encaminhou processo de inscri\u00e7\u00f5es dos eleitores com vistas a emancipa\u00e7\u00e3o do munic\u00edpio.</p>\r\n<p>Porfessor Zenon dado os trabalhos relevanates, principalmente na \u00e1rea da educa\u00e7\u00e3o, foi homenageado pela C\u00e2mara Municipal com o titulo de cidad\u00e3o Juinense de acordo com o Decreto Legislativo n.\u00ba 020/86.</p>\r\n<p>Professor Zenon , foi Diretor da Escola Estadual Dr. Guilherme Freitas de Abreu Lima, atuou tamb\u00e9m t como Delegado Regional, Secret\u00e1rio Municipal de Educa\u00e7\u00e3o e Cultura, foi Diretor das Escolas municipais Rurais e tamb\u00e9m da Escola Agr\u00edcola.</p>\r\n<p>Em 1994 prestou concurso para T\u00e9cnico em Assuntos Educacionais no Minist\u00e9rio de Educa\u00e7\u00e3o e Cultura, tomou posse na Delegacia do MEC.</p>\r\n<p>A aposentadoria veio no ano de 2013 .Em<br />2018 por interm\u00e9dio da Lei 1652/2016<br /> novamente foi homenageado com a Comenda Educador Master<br />N\u00f3s do `Poder Legislativo Municipal manifestamos nossos sentimentos de pesar a todos familiares, amigos. Deus conforte todos pela f\u00e9 . Descanse na Paz de Cristo</p>", "author_name": "", "version": "1.0", "author_url": "https://www.juina.mt.leg.br/author/dener", "provider_name": "Munic\u00edpio de Ju\u00edna", "type": "rich"}