{"provider_url": "https://www.juina.mt.leg.br", "title": "NOTA DE FALECIMENTO", "html": "<p>C\u00e2mara Municipal de Ju\u00edna, lamenta a morte do ex-vereadora, Ermi Mimi Maria Andriolo (Mimi) falecida na madrugada desta ter\u00e7a-feira 28/06/2016 em Cuiab\u00e1, em virtude \u00a0de um\u00a0 c\u00e2ncer.</p>\r\n<p><img src=\"https://www.juina.mt.leg.br/institucional/noticias/1891161_1392150547720768_1822254853_n1.jpg/@@images/d23a1915-d7cc-41bc-a9f3-ade39db5b4d9.jpeg\" alt=\"Ermi Mimi Maria Andriolo\" class=\"image-left\" title=\"Ermi Mimi Maria Andriolo\" /></p>\r\n<p>Nascida em 8 de janeiro de 1950, casada com Durvalino Andriolo, veio do Rio Grande do Sul, \u00a0acompanhar seu marido que foi primeiro engenheiro agr\u00f4nomo de Ju\u00edna, \u00a0formada em Hist\u00f3ria no Curso de Extens\u00e3o da UFMT em Ju\u00edna e em Direito pela AJES.</p>\r\n<p><span>Mimi, como carinhosamente era conhecida e tratada, atuou profissionalmente em diversas \u00e1reas foi secret\u00e1ria da CODEMAT , BEMAT \u2013 BANCO DO ESTADO DE MATO GROSSO, foi servidora concursada do INDEA\u00a0 at\u00e9 se aposentar,\u00a0 TAMB\u00c9M ATUOU COMO EMPRES\u00c1RIA\u00a0 - PROPRIETARIA ESCRITORIO FOLHA VERDE.</span></p>\r\n<p>Atuou no Poder Legislativo Municipal,GEST\u00c3O PIONEIRA 1983 \u2013 1987 sendo a primeira mulher a ter assento como\u00a0 vereadora em Ju\u00edna tendo ainda cargos na mesa diretora na Mesa Diretora</p>\r\n<p>- SECRET\u00c1RIA 1983/1984\u00a0</p>\r\n<p>-TESOUREIRA 1985/1986</p>\r\n<p>\u00a0<img src=\"https://www.juina.mt.leg.br/institucional/noticias/20160628_1208321.jpg/@@images/af65c39d-550c-447f-8490-3979fedd1025.jpeg\" alt=\"Mimi\" class=\"image-inline\" title=\"Mimi\" /><img src=\"https://www.juina.mt.leg.br/institucional/noticias/MIMIMARIAANDRIOLLO2.JPG/@@images/71c171ee-9a8d-4826-9cce-1d64dc66a074.jpeg\" alt=\"Mimi\" class=\"image-inline\" title=\"Mimi\" /></p>\r\n<p><span>MIMI MARIA ANDRIOLLO, implantou a 1\u00aa C\u00e2mara de media\u00e7\u00e3o de conflitos em Juina, um importante instrumento de resolu\u00e7\u00e3o de conflitos no \u00e2mbito das rela\u00e7\u00f5es dos contratos.\u00a0</span><span>No dia 30 de julho de 2010 foi empossada como presidenta da C\u00c2MARA DE MEDIA\u00c7\u00c3O E ARBITRAGEM DE JU\u00cdNA -CAMAJ.<br /><br />O vel\u00f3rio ocorrer\u00e1 no audit\u00f3rio do PAL\u00c1CIO DOS PIONEIROS (antigo plen\u00e1rio da C\u00e2mara) logo ap\u00f3s o translado, a previs\u00e3o de chegada do corpo \u00e9 de por volta das 16 horas.\u00a0</span></p>\r\n<p>\u00a0</p>", "author_name": "deneripr", "version": "1.0", "author_url": "https://www.juina.mt.leg.br/author/deneripr", "provider_name": "Munic\u00edpio de Ju\u00edna", "type": "rich"}