{"provider_url": "https://www.juina.mt.leg.br", "title": "Nota de Esclarecimento", "html": "<p align=\"center\">\u00a0</p>\r\n<p style=\"text-align: justify; \">A C\u00c2MARA MUNICIPAL DE JU\u00cdNA vem a p\u00fablico esclarecer que, em observ\u00e2ncia ao Decreto Estadual N\u00ba 874 de 25 de mar\u00e7o de 2.021, especialmente quanto \u00e0 al\u00ednea \u201cc\u201d, inciso III, do artigo 5\u00ba que pro\u00edbe o atendimento presencial em \u00f3rg\u00e3os p\u00fablicos e concession\u00e1rias de servi\u00e7os p\u00fablicos, enquanto perdurar o n\u00edvel de classifica\u00e7\u00e3o do munic\u00edpio como de \u201cN\u00edvel de Risco ALTO\u201d, <b><span>tem tomado todas as medidas necess\u00e1rias para o melhor cumprimento da determina\u00e7\u00e3o, colocando \u00e0 disposi\u00e7\u00e3o da popula\u00e7\u00e3o e das demais autoridades v\u00e1rios canais de atendimento ao p\u00fablico n\u00e3o-presencial</span></b>.</p>\r\n<p style=\"text-align: justify; \">A eleva\u00e7\u00e3o do n\u00edvel de classifica\u00e7\u00e3o do munic\u00edpio para como de \u201cN\u00edvel de Risco MUITO ALTO\u201d n\u00e3o elimina as determina\u00e7\u00f5es estabelecidas aos n\u00edveis mais baixos.</p>\r\n<p style=\"text-align: justify; \">Conforme consta na Portaria N\u00ba 29/CMJ de 26 de mar\u00e7o de 2.021 foi colocado, especialmente, \u00e0 disposi\u00e7\u00e3o do p\u00fablico em geral os seguintes meios de comunica\u00e7\u00e3o:</p>\r\n<p style=\"text-align: justify; \">1 \u2013 telefone celular (66) 9.9929-7422 e;</p>\r\n<p style=\"text-align: justify; \">2 \u2013 email diretoriageral@juina.mt.leg.br.</p>\r\n<p style=\"text-align: justify; \">A Portaria N\u00ba 29/CMJ de 26 de mar\u00e7o de 2.021 com os dados de contato se encontra afixada na porta de acesso da C\u00e2mara Municipal de Ju\u00edna desde a sua expedi\u00e7\u00e3o.</p>\r\n<p style=\"text-align: justify; \">\u00a0Al\u00e9m dos canais constantes na Portaria N\u00ba 29/CMJ de 26 de mar\u00e7o de 2.021, no site da C\u00e2mara (www.juina.mt.leg.br) est\u00e3o disponibilizados outros canais de contato, sendo formul\u00e1rio de contato e ouvidoria.</p>\r\n<p style=\"text-align: justify; \">Buscando maior transpar\u00eancia das atividades desempenhadas pelo Poder Legislativo Municipal a C\u00e2mara iniciou a transmiss\u00e3o das sess\u00f5es plen\u00e1rias ao vivo por meio de seus canais oficiais no <i>youtube </i>e <i>facebook.</i></p>\r\n<p style=\"text-align: justify; \"><b>Esclarece tamb\u00e9m que as atividades administrativas e legislativas est\u00e3o sendo desempenhadas normalmente, com o atendimento ao p\u00fablico de forma n\u00e3o presencial pelo canais j\u00e1 informados</b>.</p>\r\n<p style=\"text-align: justify; \">Sempre primando pela transpar\u00eancia de suas atividades e pela oferta de melhores servi\u00e7os \u00e0 popula\u00e7\u00e3o juinense, nos colocamos \u00e0 disposi\u00e7\u00e3o de todos para quaisquer esclarecimentos.</p>\r\n<p style=\"text-align: justify; \">Mesa Diretora, C\u00e2mara Municipal de Ju\u00edna</p>\r\n<p>\u00a0</p>\r\n<p>\u00a0</p>\r\n<p>\u00a0</p>\r\n<p>\u00a0</p>\r\n<p align=\"center\"><span>CANAIS DE ATENDIMENTO C\u00c2MARA MUNICIPAL DE JU\u00cdNA</span></p>\r\n<p align=\"center\">(66) 9.9929-7422</p>\r\n<p align=\"center\"><a href=\"mailto:diretoriageral@juina.mt.leg.br\">diretoriageral@juina.mt.leg.br</a></p>\r\n<p align=\"center\"><a href=\"http://www.juina.mt.leg.br\">www.juina.mt.leg.br</a></p>\r\n<p align=\"center\"><a href=\"http://www.juina.mt.leg.br/ouvidoria\">www.juina.mt.leg.br/ouvidoria</a></p>\r\n<p align=\"center\"><a href=\"mailto:ouvidoria@juina.mt.leg.br\">ouvidoria@juina.mt.leg.br</a></p>\r\n<p align=\"center\">\u00a0</p>\r\n<p align=\"center\"><span>LINKS PARA INFORMA\u00c7\u00d5ES DO PODER LEGISLATIVO DE JU\u00cdNA</span></p>\r\n<p align=\"center\"><a href=\"http://www.juina.mt.leg.br\">www.juina.mt.leg.br</a></p>\r\n<p align=\"center\"><a href=\"https://sapl.juina.mt.leg.br/\">https://sapl.juina.mt.leg.br/</a></p>\r\n<p align=\"center\"><span>\u00a0</span></p>\r\n<p align=\"center\"><span>CANAIS OFICIAIS \u2013 TRANSMISS\u00c3O DAS SESS\u00d5ES</span></p>\r\n<p align=\"center\">Facebook: <a href=\"https://pt-br.facebook.com/camarajuina/\">https://pt-br.facebook.com/camarajuina/</a></p>\r\n<p align=\"center\">Youtube: <a href=\"http://www.youtube.com/channel/UCG1kejVZ3G7hD87kCxyavfw\">www.youtube.com/channel/UCG1kejVZ3G7hD87kCxyavfw</a></p>\r\n<p align=\"center\">\u00a0</p>", "author_name": "", "version": "1.0", "author_url": "https://www.juina.mt.leg.br/author/dener", "provider_name": "Munic\u00edpio de Ju\u00edna", "type": "rich"}