{"provider_url": "https://www.juina.mt.leg.br", "title": "Ju\u00edna receber\u00e1 Centro de Atendimento Empresarial", "html": "<p><span>Aconteceu nesta quarta-feira, dia 29 de outubro/2015, no Gabinete da Presidente, no Pal\u00e1cio dos Pioneiros, \u00e0s 20:00hrs, uma importante reuni\u00e3o para falar sobre a implanta\u00e7\u00e3o do CAE (Centro de Atendimento Empresarial) em nosso munic\u00edpio.</span></p>\r\n<p>O representante do Governo do Estado de Mato Grosso, Sr. Sebasti\u00e3o Moraes coordenou a reuni\u00e3o e fez explana\u00e7\u00e3o dos objetivos e import\u00e2ncia deste Projeto que foi criado para tirar os empreendedores da informalidade e oferecer apoio e acompanhamento para legaliza\u00e7\u00e3o de seu neg\u00f3cio, independente do porte. Tamb\u00e9m poder\u00e1 auxiliar no acesso ao cr\u00e9dito para que os pequenos empres\u00e1rios possam gerir suas micro e pequenas empresas, com mais qualidade e solidez.</p>\r\n<p>Este Projeto foi idealizado ainda no Goveno Blairo Maggi, por\u00e9m est\u00e1 desarticulado e precisa de ser reestruturado, dado sua import\u00e2ncia. Informou que hoje j\u00e1 existem 52 CAEs em funcionamento em todo o Estado e que a meta \u00e9 de avan\u00e7ar pelo menos 20 munic\u00edpios por ano. Ju\u00edna est\u00e1 sendo contemplado para instala\u00e7\u00e3o imediata, caso haja interesse da atual Gest\u00e3o. Para formaliza\u00e7\u00e3o desta parceria o Estado encaminha todos os m\u00f3veis e equipamentos e oferece treinamento ao servidor que ser\u00e1 respons\u00e1vel pelo CAE. O Munic\u00edpio disponibiliza o espa\u00e7o f\u00edsico e pelo menos 01 servidor para atendimento. Tamb\u00e9m falou das importantes parcerias com o SEBRAE, ASCOM, CDL e Conselhos de Contabilidade para sustentar as a\u00e7\u00f5es a serem realizadas.</p>\r\n<p>O Secret\u00e1rio de Finan\u00e7as Valdoir Pezzini falou em nome do Prefeito e afirmou o interesse pela implanta\u00e7\u00e3o do CAE em Ju\u00edna que ir\u00e1 beneficiar in\u00fameros Micro e Pequenos empreendedores que precisam de apoio para legaliza\u00e7\u00e3o e financiamento \u00e0s suas atividades. Se comprometeu em organizar o espa\u00e7o f\u00edsico e designar servidor para ser treinado e desempenhar com efici\u00eancia este importante trabalho.</p>\r\n<p><img src=\"https://www.juina.mt.leg.br/institucional/noticias/1.jpg/@@images/c4423605-c5ba-4f5a-85f1-f3c4b82af19a.jpeg\" style=\"float: left; \" title=\"Reuni\u00e3o para implanta\u00e7\u00e3o do CAE em Ju\u00edna\" class=\"image-inline\" alt=\"Reuni\u00e3o para implanta\u00e7\u00e3o do CAE em Ju\u00edna\" />Estiveram presentes na reuni\u00e3o, al\u00e9m da Presidente e Secret\u00e1rio da C\u00e2mara de Vereadores, Senhora Ivani Cardoso Dalla Valle e Daniel Honorato da Rosa, os vereadores Robson Amorim Machado e Elzira Salete Bergamim Lima.</p>\r\n<p>Presentes tamb\u00e9m neste encontro o Sr. Wladimir - Gerente do SEBRAE, o Sr. Roberto Rios - Presidente do SIMNO, Sr. Rodrigo - Presidente da ASCOM, Sr. C\u00edcero - Empres\u00e1rio Local, Sr\u00aa Saturnina - Coordenadora da C\u00e2mara, Sr\u00aa Michelli - Coordenadora de Projetos da Prefeitura Municipal e os Servidores Municipais Antonio e Calixto.</p>\r\n<p>A implanta\u00e7\u00e3o do CAE em Ju\u00edna com certeza beneficiar\u00e1 em muito nossa cidade pela\u00a0<span>viabiliza\u00e7\u00e3o de recursos, de capacita\u00e7\u00e3o, acompanhamento e aux\u00edlio a estas empresas que estar\u00e3o contribuindo com o crescimento e arrecada\u00e7\u00e3o de impostos para nossa cidade, fazendo com que tenhamos um com\u00e9rcio cada vez mais forte e empreendedor.</span></p>\r\n<p>O objetivo \u00e9 de se inaugurar a unidade ainda este ano, vamos acompanhar e tornar realidade este importante Projeto.</p>", "author_name": "deneripr", "version": "1.0", "author_url": "https://www.juina.mt.leg.br/author/deneripr", "provider_name": "Munic\u00edpio de Ju\u00edna", "type": "rich"}