{"provider_url": "https://www.juina.mt.leg.br", "title": "Educa\u00e7\u00e3o", "html": "<p>Aconteceu nesta ter\u00e7a-feira, dia 25 de agosto, uma reuni\u00e3o na Sala da presid\u00eancia, \u00e0s 09:30 hrs, com a presen\u00e7a do promotor de Justi\u00e7a Sr. Thiago Scarpellini, presidente do Sintep, Sr. Gilvano, prefeito municipal Sr. Hermes Bergamin, Assessor jur\u00eddico da prefeitura, Sr. Nader, Sec Municipal de administra\u00e7\u00e3o e finan\u00e7as, Sr. Valdoir Pezzini, Contador da prefeitura, Sr. Natan Tomasini, e os vereadores, que est\u00e3o tentando fazer intermedia\u00e7\u00e3o para que haja um acordo entre a categoria dos servidores da educa\u00e7\u00e3o municipal e a prefeitura, no que tange ao aumento reivindicado pela classe.</p>\r\n<p>\u00a0</p>\r\n<p><img src=\"https://www.juina.mt.leg.br/institucional/noticias/DSC04683.JPG/@@images/d301140b-ef39-4462-a603-b9f1b73d5644.jpeg\" style=\"float: left; \" title=\"\" class=\"image-right\" alt=\"\" /></p>\r\n<p>O presidente do Sintep fez uma explana\u00e7\u00e3o dos motivos pelos quais levaram \u00e0 greve e as raz\u00f5es para n\u00e3o retornarem ao trabalho, mesmo depois de liminar determinando o retorno dos mesmos, destacando pontos relevantes que s\u00e3o amparados por leis, onde existem os direitos da reposi\u00e7\u00e3o salarial, que \u00e9 o ponto determinante para a insatisfa\u00e7\u00e3o da classe educacional, a qual buscam acordo.</p>\r\n<p>\u00a0<span>\u00a0</span><span>Em contrapartida, a equipe da prefeitura tamb\u00e9m exp\u00f4s o porque de n\u00e3o estarem conseguindo fazer tal acordo, pois precisam ter responsabilidade para fazerem compromissos nos quais possam cumprir. Ficando marcado uma reuni\u00e3o no gabinete do prefeito para as 14:00 hrs, onde demonstrar\u00e3o dados reais e percentuais dos gastos com educa\u00e7\u00e3o e tentar\u00e3o encontrar uma forma de acatar no que for poss\u00edvel \u00e0 reivindica\u00e7\u00e3o dos profissionais da educa\u00e7\u00e3o do nosso munic\u00edpio.</span></p>", "author_name": "deneripr", "version": "1.0", "author_url": "https://www.juina.mt.leg.br/author/deneripr", "provider_name": "Munic\u00edpio de Ju\u00edna", "type": "rich"}