{"provider_url": "https://www.juina.mt.leg.br", "title": "Comunicado: Sess\u00e3o Ordin\u00e1ria antecipada", "html": "<p>A C\u00e2mara Municipal de Ju\u00edna informa que a Sess\u00e3o Ordin\u00e1ria que seria realizada no dia 17/02/2025 \u00e0s 19 horas, <strong>ser\u00e1 antecipada para sexta-feira (14/02/2025) \u00e0s 19 horas</strong>.</p>\r\n<p>Confira a <span><a class=\"external-link\" href=\"http://sapl.juina.mt.leg.br/docadm/6454\" target=\"_self\" title=\"\">Portaria 10/2025</a></span>:</p>\r\n<p>O Presidente da C\u00e2mara Municipal de Ju\u00edna, Estado de Mato Grosso, no uso de suas atribui\u00e7\u00f5es legais e de conformidade com o artigo 30, incisos ll da Lei Org\u00e2nica do Munic\u00edpio de Ju\u00edna c.c. artigo 20, inciso VII, al\u00ednea \u201cc\u201d do Regimento Interno.<br />CONSIDERANDO a necessidade de ajustes na agenda legislativa para melhor organiza\u00e7\u00e3o dos trabalhos da C\u00e2mara Municipal;</p>\r\n<p>CONSIDERANDO que a Mesa Diretora da C\u00e2mara Municipal estar\u00e1 participando do evento promovido pelo Tribunal de Contas do Estado de Mato Grosso e pela Associa\u00e7\u00e3o Mato-Grossense dos Munic\u00edpios, denominado Encontro Mato-Grossense dos Munic\u00edpios, nos dias 18 e 19 de fevereiro, que visa reunir l\u00edderes e gestores municipais de todo o estado para discutir os principais desafios e solu\u00e7\u00f5es para uma gest\u00e3o p\u00fablica eficiente, inovadora e sustent\u00e1vel;</p>\r\n<p><br />RESOLVE:<br />Art. 1\u00ba Fica antecipada a realiza\u00e7\u00e3o da 3\u00aa Sess\u00e3o Plen\u00e1ria Ordin\u00e1ria da 11\u00aa Legislatura, anteriormente prevista para o dia 17 de fevereiro de 2025, segunda-feira, \u00e0s 19 horas, para o dia 14 de fevereiro de 2025, sexta-feira, \u00e0s 19 horas.<br />Art. 2\u00ba Os vereadores, servidores da C\u00e2mara Municipal e o p\u00fablico em geral dever\u00e3o ser informados da altera\u00e7\u00e3o mencionada no artigo anterior, devendo a Casa de Leis\u00a0 adotar as provid\u00eancias necess\u00e1rias para ampla divulga\u00e7\u00e3o desta Portaria.<br />Art. 3\u00ba para n\u00e3o prejudicar o andamento dos trabalhos legislativos, as mat\u00e9rias de autoria dos vereadores para serem inclusas na leitura do expediente da sess\u00e3o plen\u00e1ria do dia 14 de fevereiro, dever\u00e3o ser entregues para protocolo na secretaria legislativa, devidamente assinadas at\u00e9 \u00e0s 9 horas do dia da sess\u00e3o.<br />Art. 3\u00ba Esta Portaria entra em vigor na data de sua publica\u00e7\u00e3o, <br />Publique-se, registre-se e cumpra-se.<br /><br /><br /><br />AELCIO MOREIRA DE OLIVEIRA<br />Presidente Mesa Diretora\u00a0\u00a0\u00a0\u00a0\u00a0\u00a0\u00a0\u00a0\u00a0\u00a0\u00a0\u00a0\u00a0\u00a0\u00a0\u00a0 <br /><br /><br /></p>", "author_name": "", "version": "1.0", "author_url": "https://www.juina.mt.leg.br/author/dener", "provider_name": "Munic\u00edpio de Ju\u00edna", "type": "rich"}