{"provider_url": "https://www.juina.mt.leg.br", "title": "Comunicado: Sess\u00e3o Extraordinaria cancelada", "html": "<p>A C\u00e2mara Municipal de Ju\u00edna informa que a sess\u00e3o ordin\u00e1ria que seria realizada na manh\u00e3 de hoje (09/04) as 09 horas, foi cancelada devido a falta de parecer da comiss\u00e3o de Reda\u00e7\u00e3o e Justi\u00e7a nas mat\u00e9rias que seriam apreciadas (<a class=\"external-link\" href=\"https://sapl.juina.mt.leg.br/materia/1779\" target=\"_self\" title=\"\">PLC 04</a>, <a class=\"external-link\" href=\"https://sapl.juina.mt.leg.br/materia/1778\" target=\"_self\" title=\"\">PLO 06</a>).</p>\r\n<p>Dois dos tr\u00eas integrantes da comiss\u00e3o est\u00e3o em viagem a Bras\u00edlia para participa\u00e7\u00e3o da Marcha dos Vereadores, devido a isso a referida comiss\u00e3o n\u00e3o p\u00f4de realizar os trabalhos de an\u00e1lise dos projetos, assim sendo, as mat\u00e9rias ser\u00e3o apreciadas na pr\u00f3xima sess\u00e3o Ordin\u00e1ria no dia 15 de Abril.</p>", "author_name": "deneripr", "version": "1.0", "author_url": "https://www.juina.mt.leg.br/author/deneripr", "provider_name": "Munic\u00edpio de Ju\u00edna", "type": "rich"}