{"provider_url": "https://www.juina.mt.leg.br", "title": "COMUNICADO: Sess\u00e3o Extraordin\u00e1ria ", "html": "<p>A C\u00e2mara Municipal de Ju\u00edna informa que ocorrer\u00e1 na pr\u00f3xima segunda-feira (27/07) \u00e0s 10 horas da manh\u00e3 no Plen\u00e1rio Henrique Simionatto, uma sess\u00e3o extraordin\u00e1ria para a vota\u00e7\u00e3o do Projeto de Lei Complementar N\u00ba 11/2020, que trata da indeniza\u00e7\u00e3o excepcional dos profissionais de sa\u00fade, afastados do servi\u00e7o em raz\u00e3o de contamina\u00e7\u00e3o com o COVID-19.\u00a0</p>", "author_name": "", "version": "1.0", "author_url": "https://www.juina.mt.leg.br/author/dener", "provider_name": "Munic\u00edpio de Ju\u00edna", "type": "rich"}