{"provider_url": "https://www.juina.mt.leg.br", "title": "COMUNICADO: Recesso Parlamentar", "html": "<p>A C\u00e2mara Municipal de Ju\u00edna informa que permanecer\u00e1 FECHADA para o atendimento ao p\u00fablico no per\u00edodo de 02 \u00e0 20 de Janeiro, retornando as atividades administrativas normais na segunda-feira dia 23 de Janeiro.</p>\r\n<p>O per\u00edodo de recesso parlamentar dura at\u00e9 o dia 31 de Janeiro, sendo a primeira Sess\u00e3o Ordin\u00e1ria realizada na primeira segunda-feira sub-sequente no dia 06 de Fevereiro.</p>", "author_name": "deneripr", "version": "1.0", "author_url": "https://www.juina.mt.leg.br/author/deneripr", "provider_name": "Munic\u00edpio de Ju\u00edna", "type": "rich"}