{"provider_url": "https://www.juina.mt.leg.br", "title": "COMUNICADO: Ponto Facultativo", "html": "<p>A C\u00e2mara Municipal de Ju\u00edna informa que na pr\u00f3xima segunda-feira dia 27 de Fevereiro (ponto facultativo) n\u00e3o haver\u00e1 expediente, e a sess\u00e3o ordin\u00e1ria que seria realizada nesta data ser\u00e1 adiada para a quarta-feira dia 01 de Mar\u00e7o no mesmo hor\u00e1rio \u00e0s 20 horas.</p>", "author_name": "deneripr", "version": "1.0", "author_url": "https://www.juina.mt.leg.br/author/deneripr", "provider_name": "Munic\u00edpio de Ju\u00edna", "type": "rich"}