{"provider_url": "https://www.juina.mt.leg.br", "title": "Comunicado de Recesso ", "html": "<p>A C\u00e2mara Municipal de Ju\u00edna informa que n\u00e3o haver\u00e1 atendimento ao p\u00fablico durante uma parte do recesso legislativo, entre os dias 18/12/2019 \u00e0 10/01/2020 a C\u00e2mara estar\u00e1 funcionando apenas para trabalhos internos, retornando ao expediente normal no dia 13/01/2019.</p>\r\n<p>As Sess\u00f5es Ordin\u00e1rias retornam no dia 03/02/2019 as 19 horas, no Plen\u00e1rio Henrique Simionatto.</p>", "author_name": "deneripr", "version": "1.0", "author_url": "https://www.juina.mt.leg.br/author/deneripr", "provider_name": "Munic\u00edpio de Ju\u00edna", "type": "rich"}