{"provider_url": "https://www.juina.mt.leg.br", "title": "COMUNICADO: Adiantamento Sess\u00e3o Ordin\u00e1ria", "html": "<p>A C\u00e2mara Municipal de Ju\u00edna informa que <b>excepcionalmente</b> nesta segunda-feira a Sess\u00e3o Ordin\u00e1ria ocorrer\u00e1 \u00e0s 17 horas, devido a um requerimento realizado por 08 (oito) vereadores que tem compromissos na capital do Estado no amanh\u00e3 (15/05) pela manh\u00e3 e que n\u00e3o poderiam chegar a tempo caso a mesma fosse mantida no mesmo hor\u00e1rio.</p>\r\n<p>Para visualizar o requerimento feito pelos vereadores <a title=\"\" href=\"https://www.juina.mt.leg.br/institucional/noticias/requerimento-adiantamento-sessao-ordinaria-14-05-2018\" class=\"external-link\" target=\"_self\">CLIQUE AQUI</a>.</p>", "author_name": "deneripr", "version": "1.0", "author_url": "https://www.juina.mt.leg.br/author/deneripr", "provider_name": "Munic\u00edpio de Ju\u00edna", "type": "rich"}