{"provider_url": "https://www.juina.mt.leg.br", "title": "COMUNICADO: Adiamento Audi\u00eancia P\u00fablica", "html": "<p>A C\u00e2mara Municipal de Ju\u00edna comunica que a Audi\u00eancia P\u00fablica <strong>\"Educa\u00e7\u00e3o no Campo \u00e9 Direito: A Luta Continua \u2013 Abordagens dos Desafios, Peculiaridades e Caminhos para a Garantia de Acesso e Perman\u00eancia \u2013 Contra o Fechamento da Escola Estadual de Campo Ant\u00f4nio Francisco Lisboa e pela Implanta\u00e7\u00e3o da Metodologia de Altern\u00e2ncia nas Escolas Rurais\"</strong>, prevista para a tarde desta segunda-feira (09/06), ser\u00e1 <strong>remarcada</strong> para uma nova data a ser definida.</p>\r\n<p>A altera\u00e7\u00e3o ocorre devido ao <strong>agendamento de uma visita t\u00e9cnica</strong> da Secretaria de Educa\u00e7\u00e3o do Estado de Mato Grosso (SEDUC) \u00e0 escola do distrito de <strong>Filad\u00e9lfia</strong>.</p>\r\n<p>Assim que a nova data for estabelecida, a C\u00e2mara Municipal informar\u00e1 a popula\u00e7\u00e3o. Agradecemos a compreens\u00e3o de todos.</p>\r\n<p><br /><br /><br /></p>", "author_name": "", "version": "1.0", "author_url": "https://www.juina.mt.leg.br/author/dener", "provider_name": "Munic\u00edpio de Ju\u00edna", "type": "rich"}