{"provider_url": "https://www.juina.mt.leg.br", "title": "C\u00e2mara sedia Reuni\u00e3o Coletiva do Pacto PCI Ju\u00edna.", "html": "<p dir=\"ltr\"><span>Na manh\u00e3 desta ter\u00e7a-feira, 14 de Outubro, a C\u00e2mara Municipal de Ju\u00edna sediou em seu Plenarinho, a primeira Reuni\u00e3o Coletiva do Pacto PCI Ju\u00edna. O encontro teve como objetivo a forma\u00e7\u00e3o da Comiss\u00e3o atuante e alinhamento dos pr\u00f3ximos passos.</span></p>\r\n<p><span><span><br /></span></span></p>\r\n<p dir=\"ltr\"><span>De acordo com Adriana Bourschaid, Secret\u00e1ria Executiva do Instituto PCI, o munic\u00edpio de Ju\u00edna aderiu ao Pacto PCI em 2024 e j\u00e1 tem acordado um projeto, a recupera\u00e7\u00e3o das bacias hidrogr\u00e1ficas do Rio Perdido, principal meio de capta\u00e7\u00e3o de \u00e1gua da cidade. Segundo Adriana, o Instituto est\u00e1 em busca de iniciar um Programa de Pagamento por Servi\u00e7os Ambientais (PSA), que ser\u00e1 voltado aos Produtores Rurais que realizam a preserva\u00e7\u00e3o de \u00e1reas nativas.\u00a0</span></p>\r\n<p><iframe src=\"https://www.youtube.com/embed/WL3Pjy59Snw?si=I9_Q1iQ9IyhTZi3K\" title=\"YouTube video player\" width=\"560\" height=\"315\" allowfullscreen=\"\" frameborder=\"0\" style=\"\"></iframe></p>\r\n<p><span><span><br /></span></span></p>\r\n<p dir=\"ltr\"><span>O Pacto ser\u00e1 financiado por fundos internacionais arrecadados por pa\u00edses como Noruega e Alemanha, n\u00e3o precisando do aux\u00edlio financeiro da Prefeitura, apenas de apoio na execu\u00e7\u00e3o dos projetos, como afirmado pela Gerente do Instituto PCI, Renata Santos.</span></p>\r\n<p><span><span><br /></span></span></p>\r\n<p dir=\"ltr\"><span>A Comiss\u00e3o da Regi\u00e3o do Vale do Juruena ainda est\u00e1 sendo formada, mas j\u00e1 conta com a participa\u00e7\u00e3o de representantes do IFMT - Campus Ju\u00edna, ind\u00edgenas e Prefeitura.</span></p>", "author_name": "", "version": "1.0", "author_url": "https://www.juina.mt.leg.br/author/comunicacao", "provider_name": "Munic\u00edpio de Ju\u00edna", "type": "rich"}