{"provider_url": "https://www.juina.mt.leg.br", "title": "C\u00e2mara sedia curso a volunt\u00e1rios da Defesa Civil", "html": "<p>Teve in\u00edcio nesta quarta-feira (23/08) o Curso de capacita\u00e7\u00e3o de volunt\u00e1rios da Defesa Civil do Estado de Mato Grosso, que visa preparar cidad\u00e3os para auxiliar as equipes de resgate/emerg\u00eancia como SAMU e CORPO DE BOMBEIROS em casos de necessidade, quando a Defesa Civil for acionada por desastres naturais e outras calamidades.<br /><br />O curso faz parte das a\u00e7\u00f5es realizadas na <strong>\"Caravana da Transforma\u00e7\u00e3o\"</strong> evento que ocorrer\u00e1 entre os dias 19 e 29 do pr\u00f3ximo m\u00eas em Ju\u00edna, e que oferecer\u00e1 cirurgias de catarata, consultas oftalmol\u00f3gicas, emiss\u00e3o de documentos entre outras a\u00e7\u00f5es de inclus\u00e3o social e atendimento ao cidad\u00e3o, tendo a forma\u00e7\u00e3o da equipe local de volunt\u00e1rios da defesa civil como um dos v\u00e1rios cursos e palestras oferecidos na programa\u00e7\u00e3o. Os volunt\u00e1rios formados auxiliar\u00e3o as equipes m\u00e9dicas no atendimento a popula\u00e7\u00e3o durante a caravana, colocando em pr\u00e1tica parte dos conhecimentos adquiridos.<br /><br />A capacita\u00e7\u00e3o tem como um dos instrutores o 3\u00ba Sgt BM Rodrigo Benedito de Mello que ir\u00e1 ministrar aos volunt\u00e1rios <strong>No\u00e7\u00f5es de Primeiros Socorros</strong>, j\u00e1 o Tenente Coronel BM Roberval Alexandre de Barros\u00a0ensinar\u00e1 <strong>No\u00e7\u00f5es e Combate a princ\u00edpio de Inc\u00eandio</strong>, e finalmente Maria Miqueline P. de Almeida Caregato Gon\u00e7alves, Gerente de Capacita\u00e7\u00e3o Pesquisa e Projetos da Defesa Civil do Estado de Mato Grosso\u00a0ministrar\u00e1 <strong>No\u00e7\u00f5es de Defesa Civil </strong>e<strong> No\u00e7\u00f5es de Atendimento ao P\u00fablico</strong>. Os alunos que terminarem a capacita\u00e7\u00e3o receber\u00e3o certifica\u00e7\u00e3o de 12 horas/aula.<br /><br />Para quem gostaria de realizar o curso e ser volunt\u00e1rio da Defesa Civil ainda \u00e9 poss\u00edvel participar, basta comparecer as 19 horas de hoje (24/08) no Plen\u00e1rio Henrique Simionatto e realizar a sua inscri\u00e7\u00e3o, as mat\u00e9rias que aluno tenha perdido ser\u00e3o repostas no s\u00e1bado e Domingo. <br /><br />Segue abaixo audio de Maria Miqueline que deixou um convite a toda popula\u00e7\u00e3o Juinense:</p>\r\n<p><iframe src=\"https://w.soundcloud.com/player/?url=https%3A//api.soundcloud.com/tracks/339311008&amp;color=ff5500&amp;auto_play=false&amp;hide_related=false&amp;show_comments=true&amp;show_user=true&amp;show_reposts=false\" width=\"90%\" height=\"166\" frameborder=\"no\" style=\"\"></iframe></p>\r\n<p>\u00a0</p>\r\n<p>\u00a0</p>\r\n<p>\u00a0</p>\r\n<p><br />\u00a0</p>\r\n<p><br /><br /><br /><br /><br /></p>", "author_name": "deneripr", "version": "1.0", "author_url": "https://www.juina.mt.leg.br/author/deneripr", "provider_name": "Munic\u00edpio de Ju\u00edna", "type": "rich"}