{"provider_url": "https://www.juina.mt.leg.br", "title": "C\u00e2mara retorna as sess\u00f5es ordin\u00e1rias", "html": "<p>A C\u00e2mara Municipal de Ju\u00edna teve na noite de ontem a sua primeira sess\u00e3o ordin\u00e1ria do ano de 2020. Ap\u00f3s o recesso legislativo que teve in\u00edcio no dia 18 de dezembro, as vota\u00e7\u00f5es dos das mat\u00e9rias retornam a normalidade.</p>\r\n<p>Nesta primeira sess\u00e3o foram apresentados dois projetos de lei, sendo:\u00a0</p>\r\n<p><span><strong>Projeto de Lei n.\u00ba 01/2020</strong> autor: vereador Ivo Pedro. <em><strong>D</strong>isp\u00f5e sobre o Dia da Juventude de Ju\u00edna e altera a Lei Municipal n.\u00ba 911/2007.</em></span><br /><strong></strong></p>\r\n<p><strong>Projeto de Lei n.\u00ba 02/2020</strong><span> autores: vereadores Carlito Pereira da Rocha e outros. <em>Veda a circula\u00e7\u00e3o e a perman\u00eancia de c\u00e3es de m\u00e9dio, grande e gigante porte sem coleira, guia curta de condu\u00e7\u00e3o e focinheira em locais p\u00fablicos e com grande circula\u00e7\u00e3o de pessoas.</em></span></p>\r\n<p><span> Al\u00e9m dos projetos de lei foram votadas 14 indica\u00e7\u00f5es dos parlamentares e houve tamb\u00e9m o uso do grande expediente com a i<span>nscri\u00e7\u00e3o n.\u00ba 1/2020 do vereador Wilson Locatelli para falar sobre \"<em>problemas e transtornos causados pelo grande volume de chuva do ultimo dia 2 de janeiro</em>\"</span></span></p>\r\n<p>Os detalhes da Sess\u00e3o Ordin\u00e1ria podem ser conferidos no\u00a0<a class=\"external-link\" href=\"https://sapl.juina.mt.leg.br/sessao/264\" target=\"_self\" title=\"\">LINK</a>.</p>\r\n<p>As sess\u00f5es ordin\u00e1rias ocorrem toda segunda-feira as 19 horas no Plen\u00e1rio Henrique Simionatto.</p>", "author_name": "", "version": "1.0", "author_url": "https://www.juina.mt.leg.br/author/dener", "provider_name": "Munic\u00edpio de Ju\u00edna", "type": "rich"}