{"provider_url": "https://www.juina.mt.leg.br", "title": "Visita especial", "html": "<p>A C\u00e2mara Municipal de Ju\u00edna recebeu uma visita muito especial na ultima quinta-feira, os alunos do quinto ano da escola Padre Jos\u00e9 de Anchieta sob a supervis\u00e3o da Professora\u00a0<span>Sandra Strappasson que idealizou a visita, vieram a sede do poder Legislativo Municipal para conhecer as instala\u00e7\u00f5es e conversar com os vereadores.</span></p>\r\n<p>Durante a visita os alunos puderam conversar com os vereadores, perguntando sobre o dia-a-dia e tirando as suas d\u00favidas sobre como funciona a C\u00e2mara Municipal, todos os alunos se mostraram muito interessados questionando os vereadores sobre diversos assuntos, dando um sinal de que poderemos ver uma gera\u00e7\u00e3o mais participativa nascendo atrav\u00e9s de iniciativas como essa.</p>\r\n<p><img src=\"https://www.juina.mt.leg.br/institucional/noticias/WhatsAppImage20170706at13.12.53.jpeg/@@images/b1bba81b-8bbc-4725-9fae-12a096f732c4.jpeg\" alt=\"Visita alunos anchieta\" class=\"image-inline\" title=\"Visita alunos anchieta\" /></p>\r\n<p>Ap\u00f3s a vista os alunos enviaram \"cartinhas\" agradecendo pela visita, com diversos desenhos daquilo que viram, e solicitando uma visita do legislativo a sua escola.</p>\r\n<p><img src=\"https://www.juina.mt.leg.br/institucional/noticias/WhatsAppImage20170710at13.07.06.jpeg/@@images/6c27672f-6170-4453-b15b-8aa9de50ffd3.jpeg\" alt=\"Visita alunos anchieta cartinhas\" class=\"image-inline\" title=\"Visita alunos anchieta cartinhas\" />\u00a0<img src=\"https://www.juina.mt.leg.br/institucional/noticias/WhatsAppImage20170710at11.52.51.jpeg/@@images/7a5e36e5-a127-456a-a028-67df33b447ae.jpeg\" alt=\"Visita alunos anchieta cartinha 2s\" class=\"image-inline\" title=\"Visita alunos anchieta cartinha 2s\" /></p>", "author_name": "deneripr", "version": "1.0", "author_url": "https://www.juina.mt.leg.br/author/deneripr", "provider_name": "Munic\u00edpio de Ju\u00edna", "type": "rich"}