{"provider_url": "https://www.juina.mt.leg.br", "title": "C\u00e2mara de Ju\u00edna elege Conselho de \u00c9tica ", "html": "<p>A C\u00e2mara Municipal de Ju\u00edna elegeu na noite desta segunda-feira (21/08) os membros integrantes da <strong>Comiss\u00e3o de \u00c9tica</strong> da casa, sendo a primeira composi\u00e7\u00e3o da rec\u00e9m criada comiss\u00e3o, institu\u00edda atrav\u00e9s da <a class=\"external-link\" href=\"http://sapl.juina.mt.leg.br/sapl_documentos/norma_juridica/1729_texto_integral\" target=\"_self\" title=\"\">Resolu\u00e7\u00e3o n\u00b0 003/2016 no dia 08 de Novembro de 2016</a>, que criou o <strong>C\u00f3digo de \u00c9tica \u00a0e Decoro Parlamentar</strong> no \u00e2mbito da C\u00e2mara Municipal de Ju\u00edna, al\u00e9m da Corregedoria Legislativa.\u00a0</p>\r\n<p>O Conselho de \u00c9tica tem a fun\u00e7\u00e3o de zelar pelo cumprimento do C\u00f3digo de \u00c9tica, atuando no sentido de preservar a dignidade do mandado Parlamentar na C\u00e2mara Municipal de Ju\u00edna, e, em caso de ocorr\u00eancia de atos que contrariem os preceitos estabelecidos no mesmo, tem a fun\u00e7\u00e3o de criar procedimento disciplinar para julgar o parlamentar o respons\u00e1vel, procedendo todos os atos necess\u00e1rios para sua instru\u00e7\u00e3o e tendo as mesmas prerrogativas de Comiss\u00e3o Processante. Al\u00e9m disso tem a fun\u00e7\u00e3o de criar e manter o Sistema de Acompanhamento e Informa\u00e7\u00f5es do Mandato Parlamentar, e responder as consultas da mesa, comiss\u00f5es ou vereadores sobre mat\u00e9rias relacionadas a sua atua\u00e7\u00e3o.</p>\r\n<p>Ao todo,foram eleitos oito membros, sendo cinco integrantes titulares al\u00e9m dos tr\u00eas suplentes, membros esses que ter\u00e3o extraordinariamente um mandato reduzido, j\u00e1 que a elei\u00e7\u00e3o segundo a resolu\u00e7\u00e3o que criou a comiss\u00e3o ser\u00e1 realizada todos os anos especificamente na segunda sess\u00e3o ordin\u00e1ria realizada pela C\u00e2mara Municipal, sendo poss\u00edvel por\u00e9m a reelei\u00e7\u00e3o.</p>\r\n<p>Na vota\u00e7\u00e3o em que cada vereador p\u00f4de votar em cinco colegas, o vereador Saulo Evangelista votou em nulo nas cinco op\u00e7\u00f5es, na sua justificativa ele argumentou que todos os vereadores mereciam o voto, e para n\u00e3o ser injusto com ningu\u00e9m decidiu anular seus votos. Os membros Efetivos do Conselho eleitos foram: <strong>Carlito (10), Locatelli (8), Ivo (8), Valdemar (6) e Tonh\u00e3o do Rancho (6) </strong>e os tr\u00eas suplentes eleitos para eventual substitui\u00e7\u00e3o dos membros efetivos: <strong>Tuna (5), Geraldo (5) e Neguinho da Quatro (4).</strong></p>\r\n<p><strong></strong><span>Os membros eleitos dever\u00e3o se reunir nos pr\u00f3ximos dias para realizar a sua elei\u00e7\u00e3o, onde definir\u00e1 o presidente e vice-presidente al\u00e9m de criar regulamento espec\u00edfico para o pleno funcionamento do Conselho.</span></p>", "author_name": "deneripr", "version": "1.0", "author_url": "https://www.juina.mt.leg.br/author/deneripr", "provider_name": "Munic\u00edpio de Ju\u00edna", "type": "rich"}