{"provider_url": "https://www.juina.mt.leg.br", "title": "C\u00e2mara cria \"Dia Municipal da Juventude\"", "html": "<p>A C\u00e2mara Municipal de Ju\u00edna aprovou na noite desta segunda-feira (17/02) o <a class=\"external-link\" href=\"https://sapl.juina.mt.leg.br/materia/2035\" target=\"_self\" title=\"\">Projeto de Lei Ordin\u00e1ria 01/202</a>0 de autoria do vereador Ivo Pedro da Silva, que insitui o \"Dia Municipal da Juventude\".\u00a0<span>A data escolhida para as comemora\u00e7\u00f5es e atividades foi o dia 16 de junho, data da cria\u00e7\u00e3o do Conselho Municipal dos Direitos da Juventude atrav\u00e9s da Lei Municipal n.\u00ba 1.732/2017.</span></p>\r\n<p>O objetivo do projeto \u00e9 descrito no art. 2 que diz :\u00a0 \"<i><strong>O objetivo do Dia Municipal da Juventude \u00e9 dar notoriedade aos movimentos juvenis e marcar como dia \u201cD\u201d de discuss\u00e3o e conscientiza\u00e7\u00e3o dos jovens do seu papel de cidad\u00e3 e cidad\u00e3os na forma\u00e7\u00e3o de uma sociedade mais justa e igualit\u00e1ria</strong>.\"</i></p>\r\n<p>De acordo com o projeto, nesta data\u00a0ser\u00e3o desenvolvidas v\u00e1rias a\u00e7\u00f5es de forma\u00e7\u00e3o dos jovens no \u00e2mbito social, politico, cultural, educacional, esportivo e pessoal por interm\u00e9dio de\u00a0semin\u00e1rios;\u00a0f\u00f3runs;\u00a0rodas de conversa;\u00a0confer\u00eancias;\u00a0amostras de arte; jogos estudantis juvenis;\u00a0campanhas de conscientiza\u00e7\u00e3o;\u00a0interc\u00e2mbios da juventude da cidade e juventude do campo;\u00a0feira solid\u00e1ria da juventude e, um\u00a0dia \u201cD\u201d de integra\u00e7\u00e3o e intercambio dos Conselhos Municipais em prol da juventude.</p>\r\n<p>O projeto que aprovado por unanimidade nas duas vota\u00e7\u00f5es, segue agora para a prefeitura para a san\u00e7\u00e3o do prefeito municipal.</p>", "author_name": "", "version": "1.0", "author_url": "https://www.juina.mt.leg.br/author/dener", "provider_name": "Munic\u00edpio de Ju\u00edna", "type": "rich"}