{"provider_url": "https://www.juina.mt.leg.br", "title": "Aviso: Sess\u00e3o Extraordin\u00e1ria", "html": "<p>A C\u00e2mara Municipal de Ju\u00edna informa que nesta sexta-feira (23/07) as 08 horas ocorrer\u00e1 uma sess\u00e3o extraordin\u00e1ria para aprecia\u00e7\u00e3o do <a class=\"external-link\" href=\"https://juina.mt.leg.br/institucional/noticias/plo-15-2021\" target=\"_self\" title=\"\">PLO 15/2021</a> que trata sobre a desafeta\u00e7\u00e3o e afeta\u00e7\u00e3o de \u00e1rea p\u00fablica.</p>", "author_name": "", "version": "1.0", "author_url": "https://www.juina.mt.leg.br/author/dener", "provider_name": "Munic\u00edpio de Ju\u00edna", "type": "rich"}