{"provider_url": "https://www.juina.mt.leg.br", "title": "AVISO: Preg\u00e3o Presencial 003-2019", "html": "<p>O Pregoeiro designado pela Portaria n.\u00ba 13/2019, por determina\u00e7\u00e3o do Exmo. Sr. Eduardo Rodrigues da Silva, Presidente da C\u00e2mara Municipal de Ju\u00edna,\u00a0<b>torna p\u00fablico</b>, que\u00a0 realizar\u00e1 em sess\u00e3o p\u00fablica, licita\u00e7\u00e3o na modalidade de PREG\u00c3O PRESENCIAL, do tipo MENOR PRE\u00c7O POR ITEM, afim de<b>\u00a0<b>\u00a0AQUISI\u00c7\u00c3O DE EQUIPAMENTOS DE INFORMATICA, ATENDENDO AS NECESSIDADES DA CAMARA MUNICIPAL DE JUINA \u2013 MATO GROSSO</b></b><b>,\u00a0</b>estando a sess\u00e3o p\u00fablica prevista para dia <strong>04</strong><b>/07/2019, \u00e0s 09:00 horas,\u00a0</b>na sala de reuni\u00f5es da C\u00e2mara Municipal de Ju\u00edna, situada na Avenida Dos Jambos,s/n\u00ba, Pra\u00e7a Tancredo de Almeida Neves, Centro, Ju\u00edna-MT.<b></b></p>\r\n<p>\u00a0</p>\r\n<p>O edital\u00a0 e seus anexos poder\u00e3o ser adquiridos<strong>\u00a0<a title=\"\" href=\"https://www.juina.mt.leg.br/transparencia/compras-e-licitacoes/licitacoes-1/editais/2019/pregao-presencial-003-2019\" class=\"internal-link\" target=\"_self\">AQUI</a></strong></p>\r\n<p><b>A sess\u00e3o p\u00fablica do Pregao n.\u00b0 03/2019 ser\u00e1 realizada no dia 04 de julho de 2019 \u00e1s 09:00 (fuso hor\u00e1rio local), na sala de reuni\u00f5es situada na C\u00e2mara Municipal de Juina, av dos Jambos n\u00b0 519N, Centro Juina-MT.</b></p>", "author_name": "", "version": "1.0", "author_url": "https://www.juina.mt.leg.br/author/tiago", "provider_name": "Munic\u00edpio de Ju\u00edna", "type": "rich"}