{"provider_url": "https://www.juina.mt.leg.br", "title": "AVISO: Preg\u00e3o Presencial 002-2019", "html": "<p>O Pregoeiro designado pela Portaria n.\u00ba 13/2019, por determina\u00e7\u00e3o do Exmo. Sr. Eduardo Rodrigues da Silva, Presidente da C\u00e2mara Municipal de Ju\u00edna, <b>torna p\u00fablico</b>, que far\u00e1 realizar em sess\u00e3o p\u00fablica, licita\u00e7\u00e3o na modalidade de PREG\u00c3O PRESENCIAL, do tipo MENOR PRE\u00c7O POR ITEM, afim de<b> Registro de pre\u00e7os para futura e eventual Contrata\u00e7\u00e3o de uma empresa especializada em fornecimento, emiss\u00e3o, marca\u00e7\u00e3o e remarca\u00e7\u00e3o de passagens rodovi\u00e1rias terrestres intermunicipais no estado do Mato Grosso para uso dos servidores e vereadores da C\u00e2mara Municipal de Ju\u00edna, por meio de Preg\u00e3o, tipo \u201cMenor Pre\u00e7o\u201d.</b><b> Conforme termo de refer\u00eancia</b><b>, </b>estando a sess\u00e3o p\u00fablica prevista para dia <b>13/06/2019, \u00e0s 09:00 horas, </b>na sala de reuni\u00f5es da C\u00e2mara Municipal de Ju\u00edna, situada na Avenida Dos Jambos,s/n\u00ba, Pra\u00e7a Tancredo de Almeida Neves, Centro, Ju\u00edna-MT. <b></b></p>\r\n<p>\u00a0</p>\r\n<p>O edital retificado e seus anexos poder\u00e3o ser adquiridos<strong>\u00a0<a class=\"external-link\" href=\"http://juina.mt.leg.br/compras-e-licitacoes/licitacoes-1/editais/2019/edital-pregao-presencial-002-2019/view\" target=\"_self\" title=\"\">AQUI</a></strong></p>\r\n<p><b>A sess\u00e3o p\u00fablica do Pregao n.\u00b0 02/2019 ser\u00e1 realizada no dia 13 de junho de 2019 \u00e1s 09:00 (fuso hor\u00e1rio local), na sala de reuni\u00f5es situada na C\u00e2mara Municipal de Juina, av dos Jambos n\u00b0 519N, Centro Juina-MT.</b></p>", "author_name": "", "version": "1.0", "author_url": "https://www.juina.mt.leg.br/author/tiago", "provider_name": "Munic\u00edpio de Ju\u00edna", "type": "rich"}