{"provider_url": "https://www.juina.mt.leg.br", "title": "AVISO: N\u00e3o haver\u00e1 expediente na Sexta-Feira ", "html": "<p>A C\u00e2mara Municipal de Ju\u00edna informa que na pr\u00f3xima sexta-feira (8/9) n\u00e3o ter\u00e1 atendimento ao p\u00fablico, retornando o atendimento no na segunda-feira (11/9). </p>\r\n<p><a title=\"\" href=\"https://www.juina.mt.leg.br/institucional/noticias/52.pdf\" class=\"internal-link\" target=\"_blank\">PORTARIA 52/2023</a></p>", "author_name": "", "version": "1.0", "author_url": "https://www.juina.mt.leg.br/author/dener", "provider_name": "Munic\u00edpio de Ju\u00edna", "type": "rich"}