{"provider_url": "https://www.juina.mt.leg.br", "title": "RETIFICA\u00c7\u00c3O DO EDITAL DE PREG\u00c3O ELETRONICO  001/2022", "html": "<p align=\"JUSTIFY\" class=\"western\"><span><span>O Pregoeiro designado pela Portaria n.\u00ba 07/2022, por determina\u00e7\u00e3o do Exmo. Sr. Zulmar Curzel, Presidente da C\u00e2mara Municipal de Ju\u00edna, <b>torna p\u00fablico</b>, que realizar\u00e1 em sess\u00e3o p\u00fablica, licita\u00e7\u00e3o na modalidade de PREG\u00c3O ELETR\u00d4NICO, do tipo MENOR PRE\u00c7O POR ITEM, afim de<span> </span><b>CONTRATA\u00c7\u00c3O DE EMPRESA ESPECIALIZADA EM INSTALA\u00c7\u00c3O E FORNECIMENTO DE LINK DE INTERNET DEDICADO EM FIBRA OPTICA DE 20 MEGA FULL UP/DOWN COM GARANTIA DE 100% DISPONIBILIDADE DE BANDA COM 4 IPS FIXOS P\u00daBLICOS.</b><span><b>. </b></span><i>Estando a sess\u00e3o p\u00fablica prevista para dia </i><i><b>01/06/2022, \u00e0s 09:00 horas (Hor\u00e1rio de Bras\u00edlia)</b></i><b>,</b>no site www.bllcompras.com.</span></span></p>\r\n<p align=\"JUSTIFY\" class=\"western\"><span><span>O Edital poder\u00e1 ser retirado no site <a href=\"http://www.bllcompras.com/\">www.bllcompras.com</a> e na avenida dos jambos 519n JU\u00cdNA-MT, das 07:00 \u00e0s 13:00 horas, de segunda a sexta-feira, ou baixado no site </span></span><span><span><b><a title=\"\" href=\"https://www.juina.mt.leg.br/institucional/noticias/EDITALPREGAOELETRONICO0012022.pdf\" class=\"internal-link\" target=\"_self\">www.juina.mt.leg.br</a></b></span></span><span><a title=\"\" href=\"https://www.juina.mt.leg.br/institucional/noticias/EDITALPREGAOELETRONICO0012022.pdf\" class=\"internal-link\" target=\"_self\"> </a>Maiores informa\u00e7\u00f5es pelo Telefone (66)99929-7422</span><span><span><b>, e-mail:</b></span></span><span><span> compras@juina.mt.leg.br</span></span></p>\r\n<p align=\"JUSTIFY\" class=\"western\"><em><strong><a title=\"\" href=\"https://www.juina.mt.leg.br/institucional/noticias/EDITALDERETIFICAO0012022.pdf\" class=\"internal-link\" target=\"_self\">EDITAL DE RETIFICA\u00c7\u00c3O 001\u00a0</a></strong></em></p>\r\n<p align=\"JUSTIFY\" class=\"western\">\u00a0<span><span>Ju\u00edna-MT, 29 de abril de 2022.</span></span></p>\r\n<p align=\"JUSTIFY\" class=\"western\">\u00a0</p>\r\n<p align=\"JUSTIFY\" class=\"western\">\u00a0</p>\r\n<p align=\"JUSTIFY\" class=\"western\"><span><span>ELIO DUARTE GOMES</span></span></p>\r\n<p align=\"JUSTIFY\" class=\"western\"><span><span></span></span><span>Pregoeiro Oficial</span></p>\r\n<p align=\"JUSTIFY\" class=\"western\"><span><span>C\u00e2mara Municipal de Ju\u00edna</span></span></p>\r\n<p align=\"JUSTIFY\" class=\"western\">\u00a0</p>", "author_name": "", "version": "1.0", "author_url": "https://www.juina.mt.leg.br/author/dener", "provider_name": "Munic\u00edpio de Ju\u00edna", "type": "rich"}