{"provider_url": "https://www.juina.mt.leg.br", "title": "AVISO: Audi\u00eancia P\u00fablica Prefeitura", "html": "<p><span>A C\u00e2mara Municipal de Ju\u00edna informa que no dia 28/02/2019 as 10h ser\u00e1 realizada <span>pela Prefeitura Municipal de Ju\u00edna\u00a0</span>uma audi\u00eancia p\u00fablica para a\u00a0Demonstra\u00e7\u00e3o e avalia\u00e7\u00e3o do cumprimento das metas fiscais referente ao 3\u00ba Quadrimestre de 2018.</span></p>", "author_name": "deneripr", "version": "1.0", "author_url": "https://www.juina.mt.leg.br/author/deneripr", "provider_name": "Munic\u00edpio de Ju\u00edna", "type": "rich"}