{"provider_url": "https://www.juina.mt.leg.br", "title": "Aos Servidores P\u00fablicos, nossa Gratid\u00e3o!", "html": "<p><span>Dia 28 de outubro comemoramos o dia do Servidor P\u00fablico. A Eles nossa admira\u00e7\u00e3o e reconhecimento pelos relevantes servi\u00e7os prestados para o atendimento \u00e0s necessidades da popula\u00e7\u00e3o, nas diferentes \u00e1reas: sa\u00fade, educa\u00e7\u00e3o, assist\u00eancia social, agricultura, esporte e lazer, infra-estrutura, entre outras.</span></p>\r\n<p><span>S\u00e3o os Servidores P\u00fablicos que atuam em diferentes setores e ocupa\u00e7\u00f5es, cuidando com muito zelo daquilo que parece n\u00e3o ter dono, \u00a0mas, \u00a0que \u00e9 de todos \u2013 o bem p\u00fablico. Para isso est\u00e3o sempre atentos aos princ\u00edpios da Administra\u00e7\u00e3o P\u00fablica: moralidade, impessoalidade, publicidade, efici\u00eancia e legalidade. </span><span>( Artigo 37 da Constitui\u00e7\u00e3o Federal Brasileira)</span></p>\r\n<p><span>A C\u00e2mara Municipal de Vereadores de Ju\u00edna presta homenagem a todos os profissionais que dedicaram e dedicam suas vidas, comprometendo sua sa\u00fade e sacrificando sua fam\u00edlia com priva\u00e7\u00e3o do conv\u00edvio salutar e necess\u00e1rio, para estar a servi\u00e7o da popula\u00e7\u00e3o, desempenhando com dedica\u00e7\u00e3o o trabalho que lhe foi confiado.</span></p>\r\n<p><span>Parab\u00e9ns Servidores!</span></p>\r\n<p><i><span>C\u00e2mara Municipal de Vereadores de Ju\u00edna</span></i></p>", "author_name": "deneripr", "version": "1.0", "author_url": "https://www.juina.mt.leg.br/author/deneripr", "provider_name": "Munic\u00edpio de Ju\u00edna", "type": "rich"}