{"provider_url": "https://www.juina.mt.leg.br", "title": "Altera\u00e7\u00e3o das Sess\u00f5es Ordin\u00e1rias", "html": "<p><span>Na noite de ontem (24/02), a C\u00e2mara Municipal de Ju\u00edna aprovou o<a class=\"external-link\" href=\"https://sapl.juina.mt.leg.br/materia/4669\" target=\"_self\" title=\"\"> Projeto de Resolu\u00e7\u00e3o n\u00ba 02/2025</a>, que altera o hor\u00e1rio das sess\u00f5es ordin\u00e1rias de 19h para 9h30. Essa mudan\u00e7a ser\u00e1 mantida durante o per\u00edodo das obras de reforma do Plen\u00e1rio Henrique Simionatto, estimada em quatro meses.</span></p>\r\n<p><span>A primeira sess\u00e3o ordin\u00e1ria no novo hor\u00e1rio ocorrer\u00e1 excepcionalmente nesta quarta-feira (05/03), conforme a <a class=\"external-link\" href=\"https://sapl.juina.mt.leg.br/docadm/6523\" target=\"_self\" title=\"\">Portaria n\u00ba 14/2025</a>. A mudan\u00e7a deve-se ao <a class=\"external-link\" href=\"https://sapl.juina.mt.leg.br/media/sapl/public/documentoacessorioadministrativo/1735/decreto_817-_2025_-_ponto_facultativo_-_carnaval_2.pdf\" target=\"_self\" title=\"\">Decreto 625/2025</a> do Poder Executivo Municipal, que estabeleceu ponto facultativo nos dias 3 e 4 de mar\u00e7o em raz\u00e3o do Carnaval.</span></p>\r\n<p><span>Voc\u00ea pode acompanhar ao vivo todas as sess\u00f5es ordin\u00e1rias, extraordin\u00e1rias, audi\u00eancias p\u00fablicas e eventos realizados pela C\u00e2mara Municipal de Ju\u00edna no canal oficial no <a class=\"external-link\" href=\"https://www.youtube.com/CamaraMunicipaldeJuina\" target=\"_self\" title=\"\">YouTube</a>.</span></p>", "author_name": "", "version": "1.0", "author_url": "https://www.juina.mt.leg.br/author/dener", "provider_name": "Munic\u00edpio de Ju\u00edna", "type": "rich"}