{"provider_url": "https://www.juina.mt.leg.br", "title": "6\u00ba Confer\u00eancia das Cidades - Etapa Municipal", "html": "<p>Nesta ter\u00e7a-feira a C\u00e2mara Municipal de Ju\u00edna recebe no Plen\u00e1rio Henrique Simionatto a etapa municipal da 6\u00ba Conferencia Nacional das Cidades, o e<span>vento ter\u00e1 inicio as 07:30 e durar\u00e1 o dia todo encerrando-se as 17:30, todos os cidad\u00e3o est\u00e3o convidados a participar do evento que foi idealizado para a participa\u00e7\u00e3o popular nas pol\u00edticas p\u00fablicas.</span></p>\r\n<h2><span>Sobre o Evento</span></h2>\r\n<p>\u00a0</p>\r\n<p>O Brasil, desde a metade do s\u00e9culo passado, deixou de ser um Pa\u00eds rural e passou a ser uma na\u00e7\u00e3o intensamente urbanizada. Cerca de 160 milh\u00f5es de brasileiras (os) est\u00e3o vivendo nas cidades. Essa concentra\u00e7\u00e3o da popula\u00e7\u00e3o nas \u00e1reas urbanas, sem o planejamento adequado, trouxe alguns problemas para a qualidade de vida da gera\u00e7\u00e3o atual e comprometendo a sustentabilidade no futuro.</p>\r\n<p>Solu\u00e7\u00f5es para esses problemas ser\u00e3o discutidas na sexta edi\u00e7\u00e3o da Confer\u00eancia Nacional das Cidades, um dos espa\u00e7os de di\u00e1logo entre o Governo e a Sociedade. Nesse sentido, o Conselho das Cidades, criado h\u00e1 mais de dez anos, faz parte deste empenho para avan\u00e7ar na agenda urbana, atuando segundo uma diretiva baseada na democracia e no pluralismo.</p>\r\n<p>Para essa edi\u00e7\u00e3o da Confer\u00eancia Nacional das Cidades, foi escolhido o tema \u201cFun\u00e7\u00e3o Social da Cidade e da Propriedade\u201d, que expressa a import\u00e2ncia do interesse coletivo. O lema \u201cCidades Inclusivas, Participativas e Socialmente Justas\u201d proclama o car\u00e1ter igualit\u00e1rio e equ\u00e2nime qualificando o significado do tema. Pois \u00e9 fundamental suscitar a compreens\u00e3o do conceito da fun\u00e7\u00e3o social da cidade e da propriedade ainda pouco assimilado pela sociedade.</p>\r\n<p>A 6\u00aa Confer\u00eancia Nacional das Cidades ser\u00e1 realizada em Bras\u00edlia, no per\u00edodo de 5 a 9 de junho de 2017, espa\u00e7o onde a sociedade organizada, representada por seus delegados, cumprir\u00e1 mais uma etapa, a fim de que unidos possamos pavimentar a travessia da cidade que temos para a cidade que queremos.</p>\r\n<p>O Regimento da 6\u00aa Confer\u00eancia, aprovado pelo ConCidades, Resolu\u00e7\u00e3o Normativa n\u00ba 19 de 18 de setembro de 2015, \u00e9 o documento balizador da realiza\u00e7\u00e3o desse evento.</p>\r\n<p>Essa Confer\u00eancia eleger\u00e1 as entidades para o sexto mandato do Conselho das Cidades.</p>", "author_name": "deneripr", "version": "1.0", "author_url": "https://www.juina.mt.leg.br/author/deneripr", "provider_name": "Munic\u00edpio de Ju\u00edna", "type": "rich"}