{"provider_url": "https://www.juina.mt.leg.br", "title": "Legislaturas", "html": "<h2 style=\"text-align: center; \"><b><i><span>GEST\u00c3O PIONEIRA 1987</span></i></b></h2>\r\n<p align=\"center\" style=\"text-align: center; \"><b><span>\u00a0</span></b></p>\r\n<p align=\"center\"><strong>MESA DIRETORA</strong></p>\r\n<p>\u00a0\u00a0\u00a0\u00a0\u00a0\u00a0\u00a0\u00a0\u00a0\u00a0\u00a0\u00a0\u00a0\u00a0\u00a0\u00a0\u00a0\u00a0\u00a0\u00a0\u00a0\u00a0\u00a0\u00a0\u00a0\u00a0\u00a0\u00a0\u00a0\u00a0\u00a0\u00a0\u00a0\u00a0\u00a0\u00a0\u00a0\u00a0\u00a0\u00a0\u00a0\u00a0</p>\r\n<p>Presidente\u00a0\u00a0\u00a0\u00a0\u00a0\u00a0\u00a0\u00a0\u00a0\u00a0\u00a0\u00a0\u00a0\u00a0\u00a0\u00a0\u00a0\u00a0 Germano shinikoski</p>\r\n<p>Vice Presidente\u00a0\u00a0\u00a0\u00a0\u00a0\u00a0\u00a0\u00a0\u00a0 Arlindo Pereira Coutinho</p>\r\n<p>Secret\u00e1rio\u00a0\u00a0\u00a0\u00a0\u00a0\u00a0\u00a0\u00a0\u00a0\u00a0\u00a0\u00a0\u00a0\u00a0\u00a0\u00a0\u00a0\u00a0 Arnildo Sampietro</p>\r\n<p>Tesoureiro\u00a0\u00a0\u00a0\u00a0\u00a0\u00a0\u00a0\u00a0\u00a0\u00a0\u00a0\u00a0\u00a0\u00a0\u00a0\u00a0\u00a0\u00a0 Osias C\u00e2ndido</p>\r\n<p>\u00a0</p>\r\n<p style=\"text-align: center; \"><b><span>PLEN\u00c1RIO</span></b></p>\r\n<p align=\"center\"><b><span>\u00a0</span></b></p>\r\n<p>Antonio Roberto Gadani</p>\r\n<p>Ermi Maria Andriolo</p>\r\n<p>Jandira Galvino Alves</p>\r\n<p>\u00a0<span>\u00a0 \u00a0 \u00a0 \u00a0 \u00a0 \u00a0 \u00a0 \u00a0 \u00a0 \u00a0 \u00a0 \u00a0 \u00a0 \u00a0 \u00a0 \u00a0 \u00a0 \u00a0 \u00a0 \u00a0 \u00a0 \u00a0 \u00a0 \u00a0 \u00a0 \u00a0\u00a0</span></p>\r\n<h2 style=\"text-align: center; \"><b><span>GEST\u00c3O 1989 \u2013 1992</span></b></h2>\r\n<p>\u00a0</p>\r\n<p><b><span>PLEN\u00c1RIO</span></b></p>\r\n<p>\u00a0</p>\r\n<p>Adelchi Poletto</p>\r\n<p>Aldenor B. Almeida</p>\r\n<p>Anilto Amaral</p>\r\n<p>Carlos Hens</p>\r\n<p>Elza Getelina Bertochi</p>\r\n<p>Francisco Pacheco</p>\r\n<p>Ivo Pedro Silva</p>\r\n<p>Jo\u00e3o Ant\u00f4nio Gon\u00e7alves</p>\r\n<p>Joaquim Pereira da Silva</p>\r\n<p>Jorge Martins</p>\r\n<p>M\u00e1rcio Ferreira de Mello</p>\r\n<p>Maria N. Hoffman</p>\r\n<p>Pedro Kazuo Shiota</p>\r\n<p>Severo P. Santos</p>\r\n<p>Valter S. Pezolatto</p>\r\n<p>Zulmar Curzel</p>\r\n<p>\u00a0</p>\r\n<p class=\" \" style=\"text-align: center; \"><b>MESA DIRETORA BI\u00caNIO 89<span>/</span>90</b></p>\r\n<p>\u00a0</p>\r\n<p>Presidente\u00a0\u00a0\u00a0\u00a0\u00a0\u00a0\u00a0\u00a0\u00a0\u00a0\u00a0\u00a0\u00a0\u00a0\u00a0\u00a0\u00a0\u00a0 Pedro Kazuo Shiota</p>\r\n<p>Vice-Presidente\u00a0\u00a0\u00a0\u00a0\u00a0\u00a0\u00a0\u00a0\u00a0 Adelchi Poletto</p>\r\n<p>1\u00b0 Secret\u00e1rio\u00a0\u00a0\u00a0\u00a0\u00a0\u00a0\u00a0\u00a0\u00a0\u00a0\u00a0\u00a0\u00a0\u00a0 Jo\u00e3o Ant\u00f4nio Gon\u00e7alves</p>\r\n<p>2\u00b0 Secret\u00e1rio\u00a0\u00a0\u00a0\u00a0\u00a0\u00a0\u00a0\u00a0\u00a0\u00a0\u00a0\u00a0\u00a0\u00a0 Jorge Martins</p>\r\n<p>\u00a0</p>\r\n<p align=\"center\"><b><span>\u00a0</span></b></p>\r\n<p align=\"center\"><b><span>MESA DIRETORA BI\u00caNIO 91/92</span></b></p>\r\n<p align=\"center\"><b><span>\u00a0</span></b></p>\r\n<p>Presidente\u00a0\u00a0\u00a0\u00a0\u00a0\u00a0\u00a0\u00a0\u00a0\u00a0\u00a0\u00a0\u00a0\u00a0\u00a0\u00a0\u00a0\u00a0 Jo\u00e3o Ant\u00f4nio Gon\u00e7alves</p>\r\n<p>Vice-Presidente\u00a0\u00a0\u00a0\u00a0\u00a0\u00a0\u00a0\u00a0\u00a0 Elza Getelina Bertochi</p>\r\n<p>1\u00b0 Secret\u00e1rio\u00a0\u00a0\u00a0\u00a0\u00a0\u00a0\u00a0\u00a0\u00a0\u00a0\u00a0\u00a0\u00a0\u00a0 Jorge Martins</p>\r\n<p>2\u00b0 Secret\u00e1rio\u00a0\u00a0\u00a0\u00a0\u00a0\u00a0\u00a0\u00a0\u00a0\u00a0\u00a0\u00a0\u00a0\u00a0 M\u00e1rcio Ferreira de Mello</p>\r\n<p>\u00a0</p>\r\n<h2 style=\"text-align: center; \">\u00a0<b>Assembl\u00e9ia municipal constituinte</b></h2>\r\n<p><b><span>\u00a0</span></b></p>\r\n<p>Presidente\u00a0\u00a0\u00a0\u00a0\u00a0\u00a0\u00a0\u00a0\u00a0\u00a0\u00a0\u00a0\u00a0\u00a0\u00a0\u00a0\u00a0\u00a0 Joaquim Pereira da Silva</p>\r\n<p>vice-presidente\u00a0\u00a0\u00a0\u00a0\u00a0\u00a0\u00a0\u00a0\u00a0\u00a0 Severo Pereira dos Santos</p>\r\n<p>1\u00b0 Secretario\u00a0\u00a0\u00a0\u00a0\u00a0\u00a0\u00a0\u00a0\u00a0\u00a0\u00a0\u00a0\u00a0\u00a0 Francisco Carlos P. de Oliveira</p>\r\n<p>2\u00ba Secret\u00e1rio\u00a0\u00a0\u00a0\u00a0\u00a0\u00a0\u00a0\u00a0\u00a0\u00a0\u00a0\u00a0\u00a0\u00a0 Ivo Pedro da Silva</p>\r\n<p>\u00a0Relator\u00a0\u00a0\u00a0\u00a0\u00a0\u00a0\u00a0\u00a0\u00a0\u00a0\u00a0\u00a0\u00a0\u00a0\u00a0\u00a0\u00a0\u00a0\u00a0\u00a0\u00a0\u00a0 Adelchi Francisco Poletto</p>\r\n<p>\u00a0</p>\r\n<p align=\"center\"><b><span>VEREADORES CONSTITUINTES</span></b></p>\r\n<p align=\"center\"><b><span>\u00a0</span></b></p>\r\n<p>Aldenor B de Almeida</p>\r\n<p>Anilto Amaral</p>\r\n<p>Jo\u00e3o Ant\u00f4nio Gon\u00e7alves</p>\r\n<p>Jorge Martins</p>\r\n<p>Maria N. Hoffman</p>\r\n<p>Pedro Kazuo Shiota</p>\r\n<p>Walter S. Pezolatto</p>\r\n<p>Zulmar Curzel</p>\r\n<p>Carlos A. Hens</p>\r\n<p>Jair Lulu</p>\r\n<p>\u00a0<span>\u00a0 \u00a0 \u00a0 \u00a0 \u00a0 \u00a0 \u00a0 \u00a0 \u00a0 \u00a0 \u00a0 \u00a0 \u00a0 \u00a0 \u00a0 \u00a0 \u00a0 \u00a0 \u00a0 \u00a0 \u00a0 \u00a0 \u00a0 \u00a0 \u00a0 \u00a0 \u00a0\u00a0</span></p>\r\n<h2 style=\"text-align: center; \"><b><span>GEST\u00c3O93/96</span></b></h2>\r\n<p><b><span>\u00a0</span></b></p>\r\n<p><b><span>PLEN\u00c1RIO</span></b></p>\r\n<p>Aldenor Batista deAlmeida</p>\r\n<p>Altir Ant\u00f4nio Peruzzo</p>\r\n<p>Clarice Maria da Silva Maciel</p>\r\n<p>Elza Getelina Bertochi</p>\r\n<p>Gilson Ferreira Guimar\u00e3es</p>\r\n<p>Jeferson Xavier Dutra</p>\r\n<p>Jo\u00e3o Ant\u00f4nio Gon\u00e7alves</p>\r\n<p>Jo\u00e3o Puertas</p>\r\n<p>Jorge Martins</p>\r\n<p>Jos\u00e9 Claudinei Trevisanuto</p>\r\n<p>Marcio Ferreira de Mello</p>\r\n<p>Valdir de Vargas</p>\r\n<p>Zulmar Curzel</p>\r\n<p align=\"center\"><b><span>\u00a0</span></b></p>\r\n<p align=\"center\"><b><span>MESA DIRETORA BI\u00caNIO93/94</span></b></p>\r\n<p align=\"center\"><b><span>\u00a0</span></b></p>\r\n<p>Presidente\u00a0\u00a0\u00a0\u00a0\u00a0\u00a0\u00a0\u00a0\u00a0\u00a0\u00a0\u00a0\u00a0\u00a0\u00a0\u00a0\u00a0\u00a0 Jo\u00e3o Ant\u00f4nio Gon\u00e7alves</p>\r\n<p>Vice-Presidente\u00a0\u00a0\u00a0\u00a0\u00a0\u00a0\u00a0\u00a0\u00a0 Elza Getelina Bertochi</p>\r\n<p>1\u00b0 Secretario\u00a0\u00a0\u00a0\u00a0\u00a0\u00a0\u00a0\u00a0\u00a0\u00a0\u00a0\u00a0\u00a0\u00a0 Jorge Martins</p>\r\n<p>2\u00b0 Secretario\u00a0\u00a0\u00a0\u00a0\u00a0\u00a0\u00a0\u00a0\u00a0\u00a0\u00a0\u00a0\u00a0\u00a0 Marcio Ferreira de Mello</p>\r\n<p>\u00a0</p>\r\n<p>\u00a0</p>\r\n<p>\u00a0</p>\r\n<p align=\"center\"><b><span>MESA DIRETORA BIENIO 95/96</span></b></p>\r\n<p align=\"center\"><b><span>\u00a0</span></b></p>\r\n<p>Presidente\u00a0\u00a0\u00a0\u00a0\u00a0\u00a0\u00a0\u00a0\u00a0\u00a0\u00a0\u00a0\u00a0\u00a0\u00a0\u00a0\u00a0\u00a0 Zulmar Curzel</p>\r\n<p>Vice-Presidente\u00a0\u00a0\u00a0\u00a0\u00a0\u00a0\u00a0\u00a0\u00a0 Jo\u00e3o Antonio Gon\u00e7alves</p>\r\n<p>1\u00b0 Secret\u00e1rio\u00a0\u00a0\u00a0\u00a0\u00a0\u00a0\u00a0\u00a0\u00a0\u00a0\u00a0\u00a0\u00a0\u00a0 Valdir de Vargas</p>\r\n<p>2\u00b0 Secret\u00e1rio\u00a0\u00a0\u00a0\u00a0\u00a0\u00a0\u00a0\u00a0\u00a0\u00a0\u00a0\u00a0\u00a0\u00a0 J\u00e9ferson Xavier Dutra</p>\r\n<p>\u00a0<span>\u00a0</span></p>\r\n<h2 style=\"text-align: center; \"><b><span>GEST\u00c3O 97/00</span></b></h2>\r\n<p align=\"center\"><b><span>\u00a0</span></b></p>\r\n<p><b><span>PLENARIO</span></b></p>\r\n<p align=\"center\"><b><span>\u00a0</span></b></p>\r\n<p>Ailton Barbosa de Oliveira</p>\r\n<p>Aldenor Batista deAlmeida</p>\r\n<p>Altir Antonio Peruzzo</p>\r\n<p>Dalmo Matuchaki</p>\r\n<p>Doride Fortunata Armeliato</p>\r\n<p>Francisco de Assis Pedroso</p>\r\n<p>Jair Lulu</p>\r\n<p>Jefersom Xavier Dutra</p>\r\n<p>Jo\u00e3o Antonio Gon\u00e7alves</p>\r\n<p>Joaquim Pereira da Silva</p>\r\n<p>Jorge Martins</p>\r\n<p>Maria de Lurde Donim</p>\r\n<p>Walteido Amorim dos Santos</p>\r\n<p align=\"center\"><b><span>\u00a0</span></b></p>\r\n<p align=\"center\"><b><span>MESA DIRETORA BIENIO97/98</span></b></p>\r\n<p align=\"center\"><b><span>\u00a0</span></b></p>\r\n<p>Presidente\u00a0\u00a0\u00a0\u00a0\u00a0\u00a0\u00a0\u00a0\u00a0\u00a0\u00a0\u00a0\u00a0\u00a0\u00a0\u00a0\u00a0\u00a0 Aldenor Batista deAlmeida</p>\r\n<p>Vice-Presidente\u00a0\u00a0\u00a0\u00a0\u00a0\u00a0\u00a0\u00a0\u00a0 Jo\u00e3o Antonio Gon\u00e7alves</p>\r\n<p>1\u00b0 Secretario\u00a0\u00a0\u00a0\u00a0\u00a0\u00a0\u00a0\u00a0\u00a0\u00a0\u00a0\u00a0\u00a0\u00a0 Walteido Amorim dos Santos</p>\r\n<p>2\u00b0 Secretario\u00a0\u00a0\u00a0\u00a0\u00a0\u00a0\u00a0\u00a0\u00a0\u00a0\u00a0\u00a0\u00a0\u00a0 Francisco de Assis Pedroso</p>\r\n<p>\u00a0</p>\r\n<p align=\"center\"><b><span>MESA DIRETORA BIENIO 99/00</span></b></p>\r\n<p align=\"center\"><b><span>\u00a0</span></b></p>\r\n<p>Presidente\u00a0\u00a0\u00a0\u00a0\u00a0\u00a0\u00a0\u00a0\u00a0\u00a0\u00a0\u00a0\u00a0\u00a0\u00a0\u00a0\u00a0\u00a0 Jo\u00e3o Antonio Gon\u00e7alves</p>\r\n<p>Vice-Presidente\u00a0\u00a0\u00a0\u00a0\u00a0\u00a0\u00a0\u00a0\u00a0 Joaquim Pereira da Silva</p>\r\n<p>1\u00b0 Secretario\u00a0\u00a0\u00a0\u00a0\u00a0\u00a0\u00a0\u00a0\u00a0\u00a0\u00a0\u00a0\u00a0\u00a0 J\u00e9ferson Xavier Dutra</p>\r\n<p>2\u00b0 Secretario\u00a0\u00a0\u00a0\u00a0\u00a0\u00a0\u00a0\u00a0\u00a0\u00a0\u00a0\u00a0\u00a0\u00a0 Aldenor Batista de Almeida</p>\r\n<p>\u00a0<span>\u00a0</span><span>\u00a0</span><span>\u00a0</span></p>\r\n<h2 style=\"text-align: center; \"><b><span>GEST\u00c3O 01/04</span></b></h2>\r\n<p>\u00a0</p>\r\n<p>\u00a0</p>\r\n<p><b><span>PLENARIO</span></b></p>\r\n<p align=\"center\"><b><span>\u00a0</span></b></p>\r\n<p>Ailton Barbosa deOliveira</p>\r\n<p>Antonio Monteiro</p>\r\n<p>Antonio Munhoz Sanshes</p>\r\n<p>Clodinor Antonio C. Ferreira</p>\r\n<p>Dalmo Matuchaki</p>\r\n<p>Dorilde Fortunata Armeliato</p>\r\n<p>Francisco de Assis Pedroso</p>\r\n<p>Gabriel Agustini</p>\r\n<p>Jeferson Xavier Dutra</p>\r\n<p>Joaquim Pereira da Silva</p>\r\n<p>Marta Regina Iastrenski</p>\r\n<p>Valdemar Teixeira de Faria</p>\r\n<p>ZulmarCurzel</p>\r\n<p align=\"center\"><b><span>MESA DIRETORA BIENIO 01/02</span></b></p>\r\n<p align=\"center\"><b><span>\u00a0</span></b></p>\r\n<p>Presidente\u00a0\u00a0\u00a0\u00a0\u00a0\u00a0\u00a0\u00a0\u00a0\u00a0\u00a0\u00a0\u00a0\u00a0\u00a0\u00a0\u00a0\u00a0 Dorilde Fortunata Armeliato</p>\r\n<p>Vice-Presidente\u00a0\u00a0\u00a0\u00a0\u00a0\u00a0\u00a0\u00a0\u00a0 Antonio Monteiro</p>\r\n<p>1\u00b0 Secretario\u00a0\u00a0\u00a0\u00a0\u00a0\u00a0\u00a0\u00a0\u00a0\u00a0\u00a0\u00a0\u00a0\u00a0 Joaquim Pereira daSilva</p>\r\n<p>2\u00b0 Secretario\u00a0\u00a0\u00a0\u00a0\u00a0\u00a0\u00a0\u00a0\u00a0\u00a0\u00a0\u00a0\u00a0\u00a0 Valdemar Teixeira de Faria</p>\r\n<p>\u00a0</p>\r\n<p>\u00a0</p>\r\n<p align=\"center\"><b><span>MESA DIRETORA BIENIO03/04</span></b></p>\r\n<p align=\"center\"><b><span>\u00a0</span></b></p>\r\n<p>Presidente\u00a0\u00a0\u00a0\u00a0\u00a0\u00a0\u00a0\u00a0\u00a0\u00a0\u00a0\u00a0\u00a0\u00a0\u00a0\u00a0\u00a0\u00a0 Clodinor Antonio C. Ferreira</p>\r\n<p>Vice-Presidente\u00a0\u00a0\u00a0\u00a0\u00a0\u00a0\u00a0\u00a0\u00a0 Gabriel Agustini</p>\r\n<p>1\u00b0 Secretario\u00a0\u00a0\u00a0\u00a0\u00a0\u00a0\u00a0\u00a0\u00a0\u00a0\u00a0\u00a0\u00a0\u00a0 Antonio Monteiro</p>\r\n<p>2\u00b0 Secretario\u00a0\u00a0\u00a0\u00a0\u00a0\u00a0\u00a0\u00a0\u00a0\u00a0\u00a0\u00a0\u00a0\u00a0 Francisco de Assis Pedroso</p>\r\n<p>\u00a0<span>\u00a0</span></p>\r\n<h2 style=\"text-align: center; \"><b><span>GEST\u00c3O2005/2008</span></b></h2>\r\n<p>\u00a0</p>\r\n<p><b><span>PLENARIO</span></b></p>\r\n<p><b><span>\u00a0</span></b></p>\r\n<p>Ailtom Barbosa de Oliveira (PSB)<b><span></span></b></p>\r\n<p>Antonio Munhoz Sanches (PT)</p>\r\n<p>Dalmo Matuchaki (PFL)</p>\r\n<p>Jo\u00e3o Batista Leite Gomes (PT)</p>\r\n<p>Wilson Aparecido de Souza (PTB)</p>\r\n<p>Francisco de Assis Pedroso (PFL)</p>\r\n<p>Joselina Auxiliadora Almeida Moraes Sousa (PT)</p>\r\n<p>Jos\u00e9 Justino De Moraes (PSB) SUPLENTE 06</p>\r\n<p>Valdemar Teixeira de Faria (PPS)</p>\r\n<p>Zulmar Curzel(PTB)</p>\r\n<p>\u00a0</p>\r\n<p align=\"center\"><b><span>MESA DIRETORA BIENIO05/06</span></b></p>\r\n<p align=\"center\"><b><span>\u00a0</span></b></p>\r\n<p>Presidente\u00a0\u00a0\u00a0\u00a0\u00a0\u00a0\u00a0\u00a0\u00a0\u00a0\u00a0\u00a0\u00a0\u00a0\u00a0\u00a0\u00a0\u00a0 Zulmar Curzel (PTB)</p>\r\n<p>Vice Presidente\u00a0\u00a0\u00a0\u00a0\u00a0\u00a0\u00a0\u00a0\u00a0 Ailtom Barbosa de Oliveira (PSB)</p>\r\n<p>1\u00ba Secretario\u00a0\u00a0\u00a0\u00a0\u00a0\u00a0\u00a0\u00a0\u00a0\u00a0\u00a0\u00a0\u00a0\u00a0 Valdemar Teixeira de Faria (PPS)</p>\r\n<p>2\u00b0 secretario\u00a0\u00a0\u00a0\u00a0\u00a0\u00a0\u00a0\u00a0\u00a0\u00a0\u00a0\u00a0\u00a0\u00a0\u00a0 Dalmo Matuchaki (PFL)</p>\r\n<p>\u00a0</p>\r\n<p>\u00a0</p>\r\n<p align=\"center\"><b><span>MESA DIRETORA BIENIO 07/08</span></b></p>\r\n<p align=\"center\"><b><span>\u00a0</span></b></p>\r\n<p>Presidente\u00a0\u00a0\u00a0\u00a0\u00a0\u00a0\u00a0\u00a0\u00a0\u00a0\u00a0\u00a0\u00a0\u00a0\u00a0\u00a0\u00a0\u00a0 Francisco de Assis Pedroso(PFL)</p>\r\n<p>Vice-Presidente\u00a0\u00a0\u00a0\u00a0\u00a0\u00a0\u00a0\u00a0\u00a0 Zulmar Curzel(PTB)</p>\r\n<p>1\u00b0 Secretario\u00a0\u00a0\u00a0\u00a0\u00a0\u00a0\u00a0\u00a0\u00a0\u00a0\u00a0\u00a0\u00a0\u00a0 Wilson Aparecido de Souza(PTB)</p>\r\n<p>2\u00ba Secretario\u00a0\u00a0\u00a0\u00a0\u00a0\u00a0\u00a0\u00a0\u00a0\u00a0\u00a0\u00a0\u00a0\u00a0 Jos\u00e9 Justino de Moraes (PSB) SUPLENTE</p>\r\n<p align=\"center\"><span>\u00a0 \u00a0 \u00a0 \u00a0 \u00a0 \u00a0 \u00a0 \u00a0 \u00a0 \u00a0 \u00a0 \u00a0 \u00a0 \u00a0 \u00a0 \u00a0 \u00a0 \u00a0 \u00a0 \u00a0 \u00a0 \u00a0 \u00a0 \u00a0 \u00a0 \u00a0 \u00a0 \u00a0 \u00a0 \u00a0 \u00a0 \u00a0 \u00a0\u00a0</span></p>\r\n<h2 style=\"text-align: center; \"><b>GEST\u00c3O 2009/2012</b></h2>\r\n<p>\u00a0</p>\r\n<p>\u00a0</p>\r\n<p><b><span>PLENARIO</span></b></p>\r\n<p><b><span>\u00a0</span></b></p>\r\n<p>Alexandre Milano Lackman (PT)</p>\r\n<p>Ant\u00f4nio Munhoz\u00a0 Sanches (PT)</p>\r\n<p>Francisco de Assis Pedroso\u00a0 (DEM)</p>\r\n<p>Geraldo Ant\u00f4nio Ferreira \u00a0(PR)</p>\r\n<p>Jo\u00e3o Batista Leite Gomes (PT)</p>\r\n<p>Nadiley Soares Teixeira (PT)</p>\r\n<p>Paulo Roberto Tiepo (PP</p>\r\n<p>Robson\u00a0 Amorim Machado\u00a0 (PMDB)</p>\r\n<p>Zulmar Curzel (PTB)</p>\r\n<p align=\"center\">\u00a0</p>\r\n<p>\u00a0</p>\r\n<p align=\"center\"><b><span>MESA DIRETORA BIENIO 09/10</span></b></p>\r\n<p align=\"center\"><b><span>\u00a0</span></b></p>\r\n<p>Presidente\u00a0\u00a0\u00a0\u00a0\u00a0\u00a0\u00a0\u00a0\u00a0\u00a0\u00a0\u00a0\u00a0\u00a0\u00a0\u00a0\u00a0 <b>Jo\u00e3o Batista Leite Gomes</b> (PT)</p>\r\n<p>Vice Presidente\u00a0\u00a0\u00a0\u00a0\u00a0\u00a0\u00a0\u00a0\u00a0 <b>Ant\u00f4nio Munhoz\u00a0 Sanches</b> (PT)</p>\r\n<p>1\u00ba Secretario\u00a0\u00a0\u00a0\u00a0\u00a0\u00a0\u00a0\u00a0\u00a0\u00a0\u00a0\u00a0\u00a0 <b>Geraldo Ant\u00f4nio Ferreira </b>\u00a0(PR)</p>\r\n<p>2\u00b0 secretario\u00a0\u00a0\u00a0\u00a0\u00a0\u00a0\u00a0\u00a0\u00a0\u00a0\u00a0\u00a0\u00a0\u00a0 <b>Nadiley Soares Teixeira</b> (PT)</p>\r\n<p>\u00a0</p>\r\n<p>\u00a0</p>\r\n<h2 style=\"text-align: center; \">GEST\u00c3O 2013/2016</h2>\r\n<p>\u00a0</p>\r\n<p>Ailton Barbosa de Oliveira<br />Ant\u00f4nio Munhoz Sanches</p>\r\n<p><span>Dalmo Matuchaki (Suplente)</span></p>\r\n<p><span>Daniel Honorato da Rosa</span></p>\r\n<p><span>Elzira Salete Bergamin</span></p>\r\n<p><span>Ericson Leandro de Oliveira</span></p>\r\n<p><span>Geraldo Ant\u00f4nio Ferreira</span></p>\r\n<p><span>Irene Delise Fonseca</span></p>\r\n<p><span>Ivani Cardoso Dalla Valle</span></p>\r\n<p><span>Nadilei Soares Teixeira</span></p>\r\n<p><span>Paulo Roberto Tiepo</span></p>\r\n<p><span>Robson Amorim Machado</span></p>\r\n<p><span>Sandro C\u00e2ndido da Silva</span></p>\r\n<p><span>Valdemar Teixeira de Farias</span></p>\r\n<p><span>Wilson Aparecido de Souza (Suplente)</span></p>\r\n<p><span>\u00a0</span></p>\r\n<p style=\"text-align: center; \"><span>MESA DIRETORA BIENIO 13/14\u00a0</span></p>\r\n<p style=\"text-align: center; \"><span><br /></span></p>\r\n<p>Presidente: Paulo Roberto Tiepo</p>\r\n<p>Vice-Presidente: Ailton Barbosa de Oliveira</p>\r\n<p>1\u00ba Secret\u00e1rio: Valdemar Teixeira de Farias</p>\r\n<p>2\u00ba Secret\u00e1rio: Sandro C\u00e2ndido da Silva</p>\r\n<p>\u00a0</p>\r\n<p style=\"text-align: center; \">MESA DIRETORA BIENIO 15/16</p>\r\n<p>\u00a0</p>\r\n<p>Presidente: Ivani Cardoso Dalla Valle</p>\r\n<p>Vice-presidente: Geraldo Ant\u00f4nio Ferreira</p>\r\n<p>1\u00ba Secret\u00e1rio: Daniel Honorato da Rosa</p>\r\n<p>2\u00ba Secretaria: Nadilei Soares Teixeira</p>", "author_name": "deneripr", "version": "1.0", "author_url": "https://www.juina.mt.leg.br/author/deneripr", "provider_name": "Munic\u00edpio de Ju\u00edna", "type": "rich"}