{"provider_url": "https://www.juina.mt.leg.br", "title": "2019", "html": "<h2 style=\"text-align: center; \"></h2>\r\n<p>\u00a0</p>\r\n<table class=\"plain\">\r\n<tbody>\r\n<tr><th colspan=\"4\">\r\n<h2 style=\"text-align: center; \">Fevereiro</h2>\r\n</th></tr>\r\n<tr><th><span>04/02/2019 - Sess\u00e3o Ordin\u00e1ria</span></th><th><span><span></span></span></th><th><span><span>18/02/2019 - Sess\u00e3o Ordin\u00e1ria</span></span></th><th><span><span></span></span></th></tr>\r\n<tr>\r\n<td><span>11/02/2019 - Sess\u00e3o Ordin\u00e1ria</span></td>\r\n<td></td>\r\n<td><span></span></td>\r\n<td></td>\r\n</tr>\r\n</tbody>\r\n</table>\r\n<table class=\"plain\">\r\n<tbody>\r\n<tr><th colspan=\"5\">\r\n<h2 style=\"text-align: center; \">Mar\u00e7o</h2>\r\n</th></tr>\r\n<tr>\r\n<td><a title=\"\" href=\"https://www.juina.mt.leg.br/institucional/fotos/2019/04-03-2019-sessao-ordinaria\" class=\"internal-link\" target=\"_self\">04/03/2019 - Sess\u00e3o Ordin\u00e1ria</a></td>\r\n<td></td>\r\n<td>18/03/2019 - Sess\u00e3o Ordin\u00e1ria</td>\r\n<td></td>\r\n<td>27/03/2019 - Audi\u00eancia Sa\u00fade Ind\u00edgena</td>\r\n</tr>\r\n<tr>\r\n<td><a title=\"\" href=\"https://www.juina.mt.leg.br/institucional/fotos/2019/11-03-2019-sessao-ordinaria\" class=\"internal-link\" target=\"_self\">11/03/2019 -\u00a0 Sess\u00e3o Ordin\u00e1ria</a><a title=\"\" href=\"https://www.juina.mt.leg.br/institucional/fotos/2019/04-03-2019-sessao-ordinaria\" class=\"internal-link\" target=\"_self\"></a></td>\r\n<td><a title=\"\" href=\"https://www.juina.mt.leg.br/institucional/fotos/2019/11-03-2019-sessao-ordinaria\" class=\"internal-link\" target=\"_self\"></a></td>\r\n<td><span>25/03/2019 - Sess\u00e3o Ordin\u00e1ria</span></td>\r\n<td></td>\r\n<td></td>\r\n</tr>\r\n</tbody>\r\n</table>\r\n<table class=\"plain\">\r\n<tbody>\r\n<tr><th colspan=\"5\">\r\n<h2 style=\"text-align: center; \">Abril</h2>\r\n</th></tr>\r\n<tr>\r\n<td><a title=\"\" href=\"https://www.juina.mt.leg.br/institucional/fotos/2019/01-04-2019-sessao-ordinaria\" class=\"internal-link\" target=\"_self\">01/04/2019 - Sess\u00e3o Ordin\u00e1ria</a></td>\r\n<td></td>\r\n<td><a title=\"\" href=\"https://www.juina.mt.leg.br/institucional/fotos/2019/15-04-2019-sessao-ordinaria\" class=\"internal-link\" target=\"_self\">15/04/2019 - Sess\u00e3o Ordin\u00e1ria</a></td>\r\n<td></td>\r\n<td><a title=\"\" href=\"https://www.juina.mt.leg.br/institucional/fotos/2019/29-04-2019-sessao-ordinaria\" class=\"internal-link\" target=\"_self\">29/04/2019 - Sess\u00e3o Ordin\u00e1ria</a></td>\r\n</tr>\r\n<tr>\r\n<td><a title=\"\" href=\"https://www.juina.mt.leg.br/institucional/fotos/2019/08-04-2019-sessao-ordinaria\" class=\"internal-link\" target=\"_self\">08/04/2019 - Sess\u00e3o Ordin\u00e1ria</a><a title=\"\" href=\"https://www.juina.mt.leg.br/institucional/fotos/2019/01-04-2019-sessao-ordinaria\" class=\"internal-link\" target=\"_self\"></a></td>\r\n<td><a title=\"\" href=\"https://www.juina.mt.leg.br/institucional/fotos/2019/08-04-2019-sessao-ordinaria\" class=\"internal-link\" target=\"_self\"></a></td>\r\n<td><a title=\"\" href=\"https://www.juina.mt.leg.br/institucional/fotos/2019/22-04-2019-sessao-ordinaria\" class=\"internal-link\" target=\"_self\">22/04/2019 - Sess\u00e3o Ordin\u00e1ria</a><a title=\"\" href=\"https://www.juina.mt.leg.br/institucional/fotos/2019/15-04-2019-sessao-ordinaria\" class=\"internal-link\" target=\"_self\"></a></td>\r\n<td><a title=\"\" href=\"https://www.juina.mt.leg.br/institucional/fotos/2019/22-04-2019-sessao-ordinaria\" class=\"internal-link\" target=\"_self\"></a></td>\r\n<td><a title=\"\" href=\"https://www.juina.mt.leg.br/institucional/fotos/2019/29-04-2019-sessao-ordinaria\" class=\"internal-link\" target=\"_self\"></a></td>\r\n</tr>\r\n</tbody>\r\n</table>\r\n<table class=\"plain\">\r\n<tbody>\r\n<tr><th colspan=\"4\" style=\"text-align: center; \">\r\n<h2>JUNHO</h2>\r\n</th></tr>\r\n<tr>\r\n<td style=\"text-align: center; \">03/06/2019 - Sess\u00e3o Ordin\u00e1ria</td>\r\n<td style=\"text-align: center; \"></td>\r\n<td style=\"text-align: center; \"><a title=\"\" href=\"https://www.juina.mt.leg.br/institucional/fotos/2019/16-06-2019-sessao-ordinaria\" class=\"internal-link\" target=\"_self\">16/06/2019 - Sess\u00e3o Ordin\u00e1ria</a></td>\r\n<td style=\"text-align: center; \"></td>\r\n</tr>\r\n<tr>\r\n<td style=\"text-align: center; \"><a title=\"\" href=\"https://www.juina.mt.leg.br/institucional/fotos/2019/10-06-2019-sessao-ordinaria\" class=\"internal-link\" target=\"_self\">10/06/2019 - Sess\u00e3o Ordin\u00e1ria</a></td>\r\n<td style=\"text-align: center; \"><a title=\"\" href=\"https://www.juina.mt.leg.br/institucional/fotos/2019/10-06-2019-sessao-ordinaria\" class=\"internal-link\" target=\"_self\"></a></td>\r\n<td style=\"text-align: center; \"><a title=\"\" href=\"https://www.juina.mt.leg.br/institucional/fotos/2019/24-06-2019-sessao-ordinaria\" class=\"internal-link\" target=\"_self\">24/06/2019 - Sess\u00e3o Ordin\u00e1ria</a><a title=\"\" href=\"https://www.juina.mt.leg.br/institucional/fotos/2019/16-06-2019-sessao-ordinaria\" class=\"internal-link\" target=\"_self\"></a></td>\r\n<td style=\"text-align: center; \"><a title=\"\" href=\"https://www.juina.mt.leg.br/institucional/fotos/2019/24-06-2019-sessao-ordinaria\" class=\"internal-link\" target=\"_self\"></a></td>\r\n</tr>\r\n</tbody>\r\n</table>\r\n<table class=\"plain\">\r\n<tbody>\r\n<tr><th colspan=\"4\">\r\n<h2 style=\"text-align: center; \">JULHO</h2>\r\n</th></tr>\r\n<tr>\r\n<td></td>\r\n<td></td>\r\n<td></td>\r\n<td></td>\r\n</tr>\r\n<tr>\r\n<td><a title=\"\" href=\"https://www.juina.mt.leg.br/institucional/fotos/2019/01-07-2019-sessao-ordinaria\" class=\"internal-link\" target=\"_self\">01/07/2019 - Sess\u00e3o Ordin\u00e1ria</a></td>\r\n<td style=\"text-align: center; \"></td>\r\n<td><a title=\"\" href=\"https://www.juina.mt.leg.br/institucional/fotos/2019/15-07-2019-sessao-ordinaria\" class=\"internal-link\" target=\"_self\">15/07/2019 - Sess\u00e3o Ordin\u00e1ria</a></td>\r\n<td><a title=\"\" href=\"https://www.juina.mt.leg.br/institucional/fotos/2019/15-07-2019-sessao-ordinaria\" class=\"internal-link\" target=\"_self\"></a></td>\r\n</tr>\r\n<tr>\r\n<td><a title=\"\" href=\"https://www.juina.mt.leg.br/institucional/fotos/2019/01-07-2019-sessao-ordinaria\" class=\"internal-link\" target=\"_self\"><span>08/07/2019 - Sess\u00e3o Ordin\u00e1ria</span></a></td>\r\n<td style=\"text-align: center; \"></td>\r\n<td><a title=\"\" href=\"https://www.juina.mt.leg.br/institucional/fotos/2019/15-07-2019-sessao-ordinaria\" class=\"internal-link\" target=\"_self\"></a></td>\r\n<td></td>\r\n</tr>\r\n</tbody>\r\n</table>\r\n<table class=\"plain\">\r\n<tbody>\r\n<tr><th colspan=\"4\">\r\n<h2 style=\"text-align: center; \">AGOSTO</h2>\r\n</th></tr>\r\n<tr>\r\n<td></td>\r\n<td></td>\r\n<td></td>\r\n<td></td>\r\n</tr>\r\n<tr>\r\n<td><a title=\"\" href=\"https://www.juina.mt.leg.br/institucional/fotos/2019/05-08-2019-sessao-ordinaria\" class=\"internal-link\" target=\"_self\">05/08/2019 - Sess\u00e3o Ordin\u00e1ria</a></td>\r\n<td></td>\r\n<td><a title=\"\" href=\"https://www.juina.mt.leg.br/institucional/fotos/2019/19-08-2019-sessao-ordinaria\" class=\"internal-link\" target=\"_self\">19/08/2019 - Sess\u00e3o Ordin\u00e1ria</a></td>\r\n<td><br /><a title=\"\" href=\"https://www.juina.mt.leg.br/institucional/fotos/2019/19-08-2019-sessao-ordinaria\" class=\"internal-link\" target=\"_self\"></a></td>\r\n</tr>\r\n<tr>\r\n<td><a title=\"\" href=\"https://www.juina.mt.leg.br/institucional/fotos/2019/06-08-2019-sessao-extraordinaria\" class=\"internal-link\" target=\"_self\">06/08/2019 - Sess\u00e3o Extraordin\u00e1ria</a><a title=\"\" href=\"https://www.juina.mt.leg.br/institucional/fotos/2019/05-08-2019-sessao-ordinaria\" class=\"internal-link\" target=\"_self\"></a></td>\r\n<td><a title=\"\" href=\"https://www.juina.mt.leg.br/institucional/fotos/2019/06-08-2019-sessao-extraordinaria\" class=\"internal-link\" target=\"_self\"></a></td>\r\n<td><a title=\"\" href=\"https://www.juina.mt.leg.br/institucional/fotos/2019/26-08-2019-sessao-ordinaria\" class=\"internal-link\" target=\"_self\">26/08/2019 - Sess\u00e3o Ordin\u00e1ria</a><a title=\"\" href=\"https://www.juina.mt.leg.br/institucional/fotos/2019/19-08-2019-sessao-ordinaria\" class=\"internal-link\" target=\"_self\"></a></td>\r\n<td><a title=\"\" href=\"https://www.juina.mt.leg.br/institucional/fotos/2019/26-08-2019-sessao-ordinaria\" class=\"internal-link\" target=\"_self\"></a></td>\r\n</tr>\r\n</tbody>\r\n</table>\r\n<table class=\"plain\">\r\n<tbody>\r\n<tr><th colspan=\"5\">\r\n<h2 style=\"text-align: center; \">SETEMBRO</h2>\r\n</th></tr>\r\n<tr>\r\n<td>02/09/2019 - Sess\u00e3o Ordin\u00e1ria</td>\r\n<td></td>\r\n<td>16/09/2019 - Sess\u00e3o Ordin\u00e1ria</td>\r\n<td></td>\r\n<td><span><a title=\"\" href=\"https://www.juina.mt.leg.br/institucional/fotos/2019/30-09-2019-sessao-ordinaria\" class=\"internal-link\" target=\"_self\">30/09/2019 - Sess\u00e3o Ordin\u00e1ria</a></span></td>\r\n</tr>\r\n<tr>\r\n<td>09/09/2019 - Sess\u00e3o Ordin\u00e1ria</td>\r\n<td></td>\r\n<td><a title=\"\" href=\"https://www.juina.mt.leg.br/institucional/fotos/2019/23-09-2019-sessao-ordinaria\" class=\"internal-link\" target=\"_self\">23/09/2019 - Sess\u00e3o Ordin\u00e1ria</a></td>\r\n<td></td>\r\n<td></td>\r\n</tr>\r\n</tbody>\r\n</table>", "author_name": "deneripr", "version": "1.0", "author_url": "https://www.juina.mt.leg.br/author/deneripr", "provider_name": "Munic\u00edpio de Ju\u00edna", "type": "rich"}