{"provider_url": "https://www.juina.mt.leg.br", "title": "2018", "html": "<h2 style=\"text-align: center; \"><strong>Fevereiro</strong></h2>\r\n<p><a title=\"\" href=\"https://www.juina.mt.leg.br/institucional/fotos/2018/05-02-2018-sessao-ordinaria\" class=\"internal-link\" target=\"_self\"><img src=\"https://www.juina.mt.leg.br/institucional/fotos/2018/DSC06329.JPG/@@images/c8ec4ad8-66b0-40ba-8c61-868ddb9f64af.jpeg\" alt=\"Fotos da Sess\u00e3o Ordin\u00e1ria realizada no dia 05/02/2018 as 20 horas no Plen\u00e1rio Henrique Simionatto.\" class=\"image-inline\" title=\"05/02/2018 - Sess\u00e3o Ordin\u00e1ria\" /></a>\u00a0<a title=\"\" href=\"https://www.juina.mt.leg.br/institucional/fotos/2018/14-02-2018-sessao-ordinaria\" class=\"internal-link\" target=\"_self\"><img src=\"https://www.juina.mt.leg.br/institucional/fotos/2018/DSC06352.JPG/@@images/ad935998-52a3-4f42-bd0d-439a4fc42d40.jpeg\" alt=\"14/02/2018 - Sess\u00e3o Ordin\u00e1ria\" class=\"image-inline\" title=\"14/02/2018 - Sess\u00e3o Ordin\u00e1ria\" /></a>\u00a0<a title=\"\" href=\"https://www.juina.mt.leg.br/institucional/fotos/2018/19-02-2018-sessao-ordinaria\" class=\"internal-link\" target=\"_self\"><img src=\"https://www.juina.mt.leg.br/institucional/fotos/2018/DSC06466.JPG/@@images/43cba6ed-8fe6-4507-a0ad-cd4dbe518290.jpeg\" alt=\"Fotos da Sess\u00e3o Ordin\u00e1ria do dia 19/02/2018 \" class=\"image-inline\" title=\"19/02/2018 - Sess\u00e3o Ordin\u00e1ria\" /></a>\u00a0<a title=\"\" href=\"https://www.juina.mt.leg.br/institucional/fotos/2018/26-02-2018-sessao-ordinaria\" class=\"internal-link\" target=\"_self\"><img src=\"https://www.juina.mt.leg.br/institucional/fotos/2018/26-02-2018-sessao-ordinaria-1/@@images/bd5e42b0-e516-4682-b807-7bd840f386b8.jpeg\" alt=\"26/02/2018 - Sess\u00e3o Ordin\u00e1ria\" class=\"image-inline\" title=\"26/02/2018 - Sess\u00e3o Ordin\u00e1ria\" /></a></p>\r\n<h2 style=\"text-align: center; \">Mar\u00e7o</h2>\r\n<p><a title=\"\" href=\"https://www.juina.mt.leg.br/institucional/fotos/2018/05-03-2018-sessao-ordinaria\" class=\"internal-link\" target=\"_self\"><img src=\"https://www.juina.mt.leg.br/institucional/fotos/2018/05-03-2018-sessao-ordinaria-1/@@images/bd5e3dc1-dde0-48a8-ae76-f47e7b4c73d4.jpeg\" alt=\"05/03/2018 - Sess\u00e3o Ordin\u00e1ria\" class=\"image-inline\" title=\"05/03/2018 - Sess\u00e3o Ordin\u00e1ria\" /></a>\u00a0<a title=\"\" href=\"https://www.juina.mt.leg.br/institucional/fotos/2018/12-03-2018-sessao-ordinaria\" class=\"internal-link\" target=\"_self\"><img src=\"https://www.juina.mt.leg.br/institucional/fotos/2018/DSC06713.JPG/@@images/a4a83492-5b63-42bc-a2b1-81fbadca6a13.jpeg\" alt=\"12/03/2018 - Sess\u00e3o Ordin\u00e1ria\" class=\"image-inline\" title=\"12/03/2018 - Sess\u00e3o Ordin\u00e1ria\" /></a>\u00a0<a title=\"\" href=\"https://www.juina.mt.leg.br/institucional/fotos/2018/19-03-2018-sessao-ordinaria\" class=\"internal-link\" target=\"_self\"><img src=\"https://www.juina.mt.leg.br/institucional/fotos/2018/DSC06902.JPG/@@images/bd0ec52b-0269-4f83-a56b-91275f195d7b.jpeg\" alt=\"19/03/2018 - Sess\u00e3o Ordin\u00e1ria\" class=\"image-inline\" title=\"19/03/2018 - Sess\u00e3o Ordin\u00e1ria\" /></a></p>\r\n<h2 style=\"text-align: center; \">Abril</h2>\r\n<p><a title=\"\" href=\"https://www.juina.mt.leg.br/institucional/fotos/2018/02-04-2018-sessao-ordinaria\" class=\"internal-link\" target=\"_self\"><img src=\"https://www.juina.mt.leg.br/institucional/fotos/2018/DSC06975.JPG/@@images/0330a400-f306-4b86-b43f-bd145faa9997.jpeg\" alt=\"02/04/2018 - Sess\u00e3o Ordin\u00e1ria\" class=\"image-inline\" title=\"02/04/2018 - Sess\u00e3o Ordin\u00e1ria\" /></a>\u00a0<a title=\"\" href=\"https://www.juina.mt.leg.br/institucional/fotos/2018/09-04-2018-sessao-ordinaria\" class=\"internal-link\" target=\"_self\"><img src=\"https://www.juina.mt.leg.br/institucional/fotos/2018/DSC07033.JPG/@@images/9aaa4c4b-9f36-4ba4-916d-21d043b819cb.jpeg\" alt=\"09/04/2018 - Sess\u00e3o Ordin\u00e1ria\" class=\"image-inline\" title=\"09/04/2018 - Sess\u00e3o Ordin\u00e1ria\" /></a>\u00a0<a title=\"\" href=\"https://www.juina.mt.leg.br/institucional/fotos/2018/10-04-2018-audiencia-publica-sobre-suicidio\" class=\"internal-link\" target=\"_self\"><img src=\"https://www.juina.mt.leg.br/institucional/fotos/2018/DSC07064.JPG/@@images/ca5b1011-e1bf-4018-bbf5-e3dad3d3cf27.jpeg\" alt=\"10/04/2018 - Audi\u00eancia sobre Suic\u00eddio\" class=\"image-inline\" title=\"10/04/2018 - Audi\u00eancia sobre Suic\u00eddio\" />\u00a0</a></p>", "author_name": "deneripr", "version": "1.0", "author_url": "https://www.juina.mt.leg.br/author/deneripr", "provider_name": "Munic\u00edpio de Ju\u00edna", "type": "rich"}