{"provider_url": "https://www.juina.mt.leg.br", "title": "2016", "html": "<p>\u00a0<a title=\"\" href=\"https://www.juina.mt.leg.br/institucional/fotos/2016/14-10-2016-sessao-solene-educador-master\" class=\"internal-link\" target=\"_self\"><img src=\"https://www.juina.mt.leg.br/institucional/fotos/2016/14-10-2016-sessao-solene-educador-master/14-10-2016-sessao-solene-educador-master/@@images/d090e432-9581-4675-b31d-75a72042e156.jpeg\" alt=\"14/10/2016 - Sess\u00e3o Solene &quot;Educador Master&quot;\" class=\"image-inline\" title=\"14/10/2016 - Sess\u00e3o Solene &quot;Educador Master&quot;\" /></a></p>\r\n<p><a title=\"\" href=\"https://www.juina.mt.leg.br/institucional/fotos/2016/07-07-2016-reuniao-com-asssentamentos\" class=\"internal-link\" target=\"_self\"><img src=\"https://www.juina.mt.leg.br/institucional/fotos/2016/07-07-2016-reuniao-com-asssentamentos/07-07-2016-reuniao-com-assentados/@@images/282e7131-82d6-4bb3-a4e3-332cdd2fd5de.jpeg\" alt=\"07/07/2016 - Reuni\u00e3o com Assentados\" class=\"image-inline\" title=\"07/07/2016 - Reuni\u00e3o com Assentados\" /></a>\u00a0<a title=\"\" href=\"https://www.juina.mt.leg.br/institucional/fotos/2016/07-07-2016-audiencia-publica-plano-diretor\" class=\"internal-link\" target=\"_self\"><img src=\"https://www.juina.mt.leg.br/institucional/fotos/2016/07-07-2016-audiencia-publica-plano-diretor/07-07-2016-audiencia-publica-do-plano-diretor-municipal/@@images/3d09f1ed-2194-45ac-ad74-6c9159bbabb7.jpeg\" alt=\"07/07/2016 - Audi\u00eancia P\u00fablica do Plano Diretor Municipal\" class=\"image-inline\" title=\"07/07/2016 - Audi\u00eancia P\u00fablica do Plano Diretor Municipal\" /></a>\u00a0<a title=\"\" href=\"https://www.juina.mt.leg.br/institucional/fotos/2016/04-07-2016-sessao-ordinaria\" class=\"internal-link\" target=\"_self\"><img src=\"https://www.juina.mt.leg.br/institucional/fotos/2016/04-07-2016-sessao-ordinaria/04-07-2016-sessao-ordinaria/@@images/0e3ac684-7e87-4783-b771-3a123296352d.jpeg\" alt=\"04/07/2016 - Sess\u00e3o Ordin\u00e1ria\" class=\"image-inline\" title=\"04/07/2016 - Sess\u00e3o Ordin\u00e1ria\" /></a><a title=\"\" href=\"https://www.juina.mt.leg.br/institucional/fotos/2016/29-06-2016-sessao-extraordinaria\" class=\"internal-link\" target=\"_self\"><img src=\"https://www.juina.mt.leg.br/institucional/fotos/2016/29-06-2016-sessao-extraordinaria/29-06-2016-sessao-extraordinaria/@@images/97027971-8246-46b2-a48c-d51d46d5a396.jpeg\" alt=\"29/06/2016 - Sess\u00e3o Extraordin\u00e1ria\" class=\"image-inline\" title=\"29/06/2016 - Sess\u00e3o Extraordin\u00e1ria\" /></a>\u00a0<a title=\"\" href=\"https://www.juina.mt.leg.br/institucional/fotos/2016/28-06-2016-sessao-extraordinaria\" class=\"internal-link\" target=\"_self\"><img src=\"https://www.juina.mt.leg.br/institucional/fotos/2016/28-06-2016-sessao-extraordinaria/28-06-2016-sessao-extraordinaria/@@images/fab2c8aa-e0da-4ed7-88be-90fc83f91a03.jpeg\" alt=\"28/06/2016 - Sess\u00e3o Extraordin\u00e1ria\" class=\"image-inline\" title=\"28/06/2016 - Sess\u00e3o Extraordin\u00e1ria\" /></a>\u00a0<a title=\"\" href=\"https://www.juina.mt.leg.br/institucional/fotos/2016/27-06-2016-sessao-ordinaria\" class=\"internal-link\" target=\"_self\"><img src=\"https://www.juina.mt.leg.br/institucional/fotos/2016/27-06-2016-sessao-ordinaria/27-06-2016-sessao-ordinaria/@@images/b81f704f-7f48-48b5-aa63-388b7978d7bb.jpeg\" alt=\"27/06/2016 - Sess\u00e3o Ordin\u00e1ria\" class=\"image-inline\" title=\"27/06/2016 - Sess\u00e3o Ordin\u00e1ria\" /></a>\u00a0<a title=\"\" href=\"https://www.juina.mt.leg.br/institucional/fotos/2016/27-06-2016-reuniao-executivo-discussao-plo-043-2016\" class=\"internal-link\" target=\"_self\"><img src=\"https://www.juina.mt.leg.br/institucional/fotos/2016/27-06-2016-reuniao-executivo-discussao-plo-043-2016/27-06-2016-reuniao-com-executivo/@@images/dea0847e-ece0-4cde-be51-546beebe6f70.jpeg\" alt=\"27/06/2016 - Reuni\u00e3o com Executivo\" class=\"image-inline\" title=\"27/06/2016 - Reuni\u00e3o com Executivo\" /></a>\u00a0<a title=\"\" href=\"https://www.juina.mt.leg.br/institucional/fotos/2016/20-06-2016-pregao-presencial-002-2016\" class=\"internal-link\" target=\"_self\"><img src=\"https://www.juina.mt.leg.br/institucional/fotos/2016/20-06-2016-pregao-presencial-002-2016/20-06-2016-pregao-presencial-002-2016/@@images/8801200b-b33d-4d9b-8e5b-b44bdfe8ca98.jpeg\" alt=\"20/06/2016 - Preg\u00e3o Presencial 002/2016\" class=\"image-inline\" title=\"20/06/2016 - Preg\u00e3o Presencial 002/2016\" /></a>\u00a0<a title=\"\" href=\"https://www.juina.mt.leg.br/institucional/fotos/2016/20-06-2016-sessao-ordinaria\" class=\"internal-link\" target=\"_self\"><img src=\"https://www.juina.mt.leg.br/institucional/fotos/2016/20-06-2016-sessao-ordinaria/20-06-2016-sessao-ordinaria/@@images/fce0637e-29b8-41fb-8d2d-22fe393f366f.jpeg\" alt=\"20/06/2016 - Sess\u00e3o Ordin\u00e1ria\" class=\"image-inline\" title=\"20/06/2016 - Sess\u00e3o Ordin\u00e1ria\" /></a>\u00a0<a title=\"\" href=\"https://www.juina.mt.leg.br/institucional/fotos/2016/17-06-2016-reuniao-com-executivo\" class=\"internal-link\" target=\"_self\"><img src=\"https://www.juina.mt.leg.br/institucional/fotos/2016/17-06-2016-reuniao-com-executivo/17-06-2016-reuniao-com-executivo/@@images/71393f54-3bf7-4fe6-ae0f-bf727a83af95.jpeg\" alt=\"17/06/2016 - Reuni\u00e3o com Executivo\" class=\"image-inline\" title=\"17/06/2016 - Reuni\u00e3o com Executivo\" /></a>\u00a0<a title=\"\" href=\"https://www.juina.mt.leg.br/institucional/fotos/2016/13-06-2016-sessao-ordinaria\" class=\"internal-link\" target=\"_self\"><img src=\"https://www.juina.mt.leg.br/institucional/fotos/2016/13-06-2016-sessao-ordinaria/13-06-2016-sessao-ordinaria/@@images/f79d7d17-eea4-4488-a87b-cf1f0398b4a5.jpeg\" alt=\"13/06/2016 - Sess\u00e3o Ordin\u00e1ria\" class=\"image-inline\" title=\"13/06/2016 - Sess\u00e3o Ordin\u00e1ria\" /></a>\u00a0<a title=\"\" href=\"https://www.juina.mt.leg.br/institucional/fotos/2016/06-06-2016-sessao-ordinaria\" class=\"internal-link\" target=\"_self\"><img src=\"https://www.juina.mt.leg.br/institucional/fotos/2016/06-06-2016-sessao-ordinaria/06-06-2016-sessao-ordinaria/@@images/0eaaa8c9-2ddc-4a19-a6d7-8ed1d2162cae.jpeg\" alt=\"Sess\u00e3o Ordin\u00e1ria realizada no dia 06/06/2016.\" class=\"image-inline\" title=\"06/06/2016 -Sess\u00e3o Ordin\u00e1ria\" /></a><span>\u00a0</span><a title=\"\" href=\"https://www.juina.mt.leg.br/institucional/fotos/2016/23-05-2016-sessao-ordinaria\" class=\"internal-link\" target=\"_self\"><img src=\"https://www.juina.mt.leg.br/institucional/fotos/2016/23-05-2016-sessao-ordinaria/23-05-2016-sessao-ordinaria/@@images/361852a9-288c-4ec0-a778-d01cf4399fe8.jpeg\" alt=\"23/05/2016 - Sess\u00e3o Ordin\u00e1ria\" class=\"image-inline\" title=\"23/05/2016 - Sess\u00e3o Ordin\u00e1ria\" /></a>\u00a0<a title=\"\" href=\"https://www.juina.mt.leg.br/institucional/fotos/2016/16-05-2016-sessao-ordinaria\" class=\"internal-link\" target=\"_self\"><img src=\"https://www.juina.mt.leg.br/institucional/fotos/2016/16-05-2016-sessao-ordinaria/16-05-2016-sessao-ordinaria/@@images/b55ceb88-a125-4726-a235-1204e868526d.jpeg\" alt=\"16/05/2016 - Sess\u00e3o Ordin\u00e1ria\" class=\"image-inline\" title=\"16/05/2016 - Sess\u00e3o Ordin\u00e1ria\" /></a>\u00a0<a title=\"\" href=\"https://www.juina.mt.leg.br/institucional/fotos/10-05-2016-sessao-ordinaria\" class=\"internal-link\" target=\"_self\"><img src=\"https://www.juina.mt.leg.br/institucional/fotos/10-05-2016-sessao-ordinaria/10-05-2016-sessao-ordinaria/@@images/0fd71b72-a826-40b3-bf6d-54bd83689d32.jpeg\" alt=\"10/05/2016 - Sess\u00e3o Ordin\u00e1ria\" class=\"image-inline\" title=\"10/05/2016 - Sess\u00e3o Ordin\u00e1ria\" /></a><span>\u00a0</span><a title=\"\" href=\"https://www.juina.mt.leg.br/institucional/fotos/02-05-2016-sessao-ordinaria\" class=\"internal-link\" target=\"_self\"><img src=\"https://www.juina.mt.leg.br/institucional/fotos/02-05-2016-sessao-ordinaria/02-05-2016-sessao-ordinaria/@@images/70cea28b-5816-42f8-9c2d-16b5c9a1773d.jpeg\" alt=\"02/05/2016 - Sess\u00e3o Ordin\u00e1ria\" class=\"image-inline\" title=\"02/05/2016 - Sess\u00e3o Ordin\u00e1ria\" /></a><span>\u00a0</span><a title=\"\" href=\"https://www.juina.mt.leg.br/institucional/fotos/25-04-2016-sessao-ordinaria\" class=\"internal-link\" target=\"_self\"><img src=\"https://www.juina.mt.leg.br/institucional/fotos/25-04-2016-sessao-ordinaria/25-04-2016-sessao-ordinaria/@@images/d77da961-8412-440e-8d63-72ed5d4833d1.jpeg\" alt=\"25/04/2016 - Sess\u00e3o Ordin\u00e1ria\" class=\"image-inline\" title=\"25/04/2016 - Sess\u00e3o Ordin\u00e1ria\" /></a><span>\u00a0</span><a title=\"\" href=\"https://www.juina.mt.leg.br/institucional/fotos/11-04-2016-sessao-ordinaria\" class=\"internal-link\" target=\"_self\"><img src=\"https://www.juina.mt.leg.br/institucional/fotos/11-04-2016-sessao-ordinaria/11-04-2016-sessao-ordinaria/@@images/9e7994f4-80cc-44d8-b441-81b2f39c8588.jpeg\" alt=\"Fotos da Sess\u00e3o Ordin\u00e1ria realizada no dia 11/04/2016 as 20 horas no Plen\u00e1rio Henrique Simionatto.\" class=\"image-inline\" title=\"11/04/2016 - Sess\u00e3o Ordin\u00e1ria\" /></a><span>\u00a0</span><a title=\"\" href=\"https://www.juina.mt.leg.br/institucional/fotos/05-04-2016-reuniao-com-assentados-do-vale-do-juinao\" class=\"internal-link\" target=\"_self\"><img src=\"https://www.juina.mt.leg.br/institucional/fotos/05-04-2016-reuniao-com-assentados-do-vale-do-juinao/05-04-2016-reuniao-com-assentados-do-vale-do-juinao/@@images/17b3a8e7-3064-4d4b-ac9a-b455679a5e83.jpeg\" alt=\"05/04/2016 - Reuni\u00e3o com Assentados do Vale do Ju\u00edn\u00e3o\" class=\"image-inline\" title=\"05/04/2016 - Reuni\u00e3o com Assentados do Vale do Ju\u00edn\u00e3o\" /></a><span>\u00a0</span><a title=\"\" href=\"https://www.juina.mt.leg.br/institucional/fotos/05-04-2016-sessao-extraordinaria\" class=\"internal-link\" target=\"_self\"><img src=\"https://www.juina.mt.leg.br/institucional/fotos/05-04-2016-sessao-extraordinaria/05-04-2016-sessao-extraordinaria/@@images/034632dd-df2b-4dde-a374-621eb433918b.jpeg\" alt=\"05/04/2016 - Sess\u00e3o Extraordin\u00e1ria\" class=\"image-inline\" title=\"05/04/2016 - Sess\u00e3o Extraordin\u00e1ria\" /></a><span>\u00a0</span><a title=\"\" href=\"https://www.juina.mt.leg.br/institucional/fotos/05-04-2016-sessao-extraordinaria\" class=\"internal-link\" target=\"_self\"><img src=\"https://www.juina.mt.leg.br/institucional/fotos/04-04-2016-sessao-ordinaria/04-04-2016-sessao-ordinaria.jpg/@@images/3a509d67-5d02-4312-8767-099390d08646.jpeg\" alt=\"04/04/2016 - Sess\u00e3o Ordin\u00e1ria.JPG\" class=\"image-inline\" title=\"04/04/2016 - Sess\u00e3o Ordin\u00e1ria.JPG\" /></a><a title=\"\" href=\"https://www.juina.mt.leg.br/institucional/fotos/04-04-2016-sessao-ordinaria\" class=\"internal-link\" target=\"_self\"><img src=\"https://www.juina.mt.leg.br/institucional/fotos/21-03-2016-sessao-ordinaria/21-03-2016-sessao-ordinaria/@@images/2f86ee56-1b18-4fa0-ba55-7d8d717d8e4d.jpeg\" alt=\"21-03-2016 - Sess\u00e3o Ordin\u00e1ria\" class=\"image-inline\" title=\"21-03-2016 - Sess\u00e3o Ordin\u00e1ria\" />\u00a0<img src=\"https://www.juina.mt.leg.br/institucional/fotos/14-03-2016-sessao-ordinaria/14-03-2016-sessao-ordinaria/@@images/b9d6db15-ffd0-4984-870c-d0a2ea931a09.jpeg\" alt=\"14/03/2016 - Sess\u00e3o Ordin\u00e1ria\" class=\"image-inline\" title=\"14/03/2016 - Sess\u00e3o Ordin\u00e1ria\" /></a><span>\u00a0</span><a title=\"\" href=\"https://www.juina.mt.leg.br/institucional/fotos/07-03-2016-sessao-ordinaria-e-sessao-solene-dia-da-mulher\" class=\"internal-link\" target=\"_self\"><img src=\"https://www.juina.mt.leg.br/institucional/fotos/07-03-2016-sessao-ordinaria-e-sessao-solene-dia-da-mulher/07032015SessoOrdinriaeSessoSolene.JPG/@@images/e5ecb052-cc9d-4954-858b-48dfe41dd621.jpeg\" alt=\"07/03/2016 - Sess\u00e3o Ordin\u00e1ria e Sess\u00e3o Solene \" class=\"image-inline\" title=\"07/03/2016 - Sess\u00e3o Ordin\u00e1ria e Sess\u00e3o Solene \" /></a><span>\u00a0</span><span>\u00a0</span><span>\u00a0</span></p>", "author_name": "deneripr", "version": "1.0", "author_url": "https://www.juina.mt.leg.br/author/deneripr", "provider_name": "Munic\u00edpio de Ju\u00edna", "type": "rich"}