{"provider_url": "https://www.juina.mt.leg.br", "title": "CONVOCA\u00c7\u00c3O 02/2024", "html": "<p>O presidente da C\u00e2mara Municipal de Ju\u00edna torna p\u00fablico a CONVOCA\u00c7\u00c3O do candidato aprovado no Concurso P\u00fablico 01/2024 que menciona e d\u00e1 outras provid\u00eancias.</p>\r\n<table class=\"plain\">\r\n<tbody>\r\n<tr><th colspan=\"3\">CARGO: 001 \u2013 AGENTE ADMINISTRATIVO</th></tr>\r\n<tr>\r\n<td>INSCRI\u00c7\u00c3O</td>\r\n<td>\u00a0NOME</td>\r\n<td>COLOCA\u00c7\u00c3O</td>\r\n</tr>\r\n<tr>\r\n<td>0000000439</td>\r\n<td>DAFLE KATRINE GOMES BRESSAN</td>\r\n<td style=\"text-align: center; \">1\u00aa</td>\r\n</tr>\r\n</tbody>\r\n</table>\r\n<p><br /><br />Para consultar a convoca\u00e7\u00e3o na \u00edntegra <strong><span><span><a title=\"\" href=\"https://www.juina.mt.leg.br/concursos/concurso-publico-2024/documentos-concurso-1-2023/edital-de-convocacao-no-02-2024-1\" class=\"internal-link\" target=\"_self\">CLIQUE AQUI</a></span></span>.</strong></p>", "author_name": "", "version": "1.0", "author_url": "https://www.juina.mt.leg.br/author/dener", "provider_name": "Munic\u00edpio de Ju\u00edna", "type": "rich"}